{"id":49236,"date":"2018-04-27T08:34:11","date_gmt":"2018-04-27T11:34:11","guid":{"rendered":"http:\/\/caririemacao.com\/1\/?p=49236"},"modified":"2018-04-27T08:34:11","modified_gmt":"2018-04-27T11:34:11","slug":"famup-prepara-pauta-de-reivindicacoes-para-a-marcha-de-prefeitos","status":"publish","type":"post","link":"https:\/\/www.caririemacao.com\/1\/2018\/04\/27\/famup-prepara-pauta-de-reivindicacoes-para-a-marcha-de-prefeitos\/","title":{"rendered":"FAMUP prepara pauta de reivindica\u00e7\u00f5es para a Marcha de Prefeitos"},"content":{"rendered":"<p>De 21 a 30 deste m\u00eas de maio ser\u00e1 realizada mais uma Marcha de Prefeitos em Bras\u00edlia, e a FAMUP (Federa\u00e7\u00e3o de Associa\u00e7\u00f5es de Munic\u00edpios da Para\u00edba) j\u00e1 prepara a pauta com que participar\u00e1 do evento, segundo informa o presidente da entidade, Tota Guedes (foto).<\/p>\n<p>Segundo o municipalista, o movimento, que, como sempre, ser\u00e1 capitaneado pela CNM (Confedera\u00e7\u00e3o Nacional de Munic\u00edpios), reivindicar\u00e1 uma s\u00e9rie de benef\u00edcios ao governo Michel Temer, como a libera\u00e7\u00e3o de verbas de emendas parlamentares (sobretudo, das impositivas), antes que entrem, em vigor, as regras impeditivas da legisla\u00e7\u00e3o eleitoral.<\/p>\n<p>Tota Guedes adianta que, al\u00e9m disso, os gestores municipais ainda tentar\u00e3o a libera\u00e7\u00e3o de recursos previstos em conv\u00eanios celebrados entre os munic\u00edpios e os diversos \u00f3rg\u00e3os do governo federal. Ele defende, inclusive, que os prefeitos acionem as bancadas de parlamentares no Congresso Nacional, a pressionarem o presidente da Rep\u00fablica a corrigir os quantitativos estipulados nos conv\u00eanios, com especialidade, para os chamados programas sociais.<\/p>\n<p><strong>CARIRI EM A\u00c7\u00c3O<\/strong><\/p>\n<p><em>Com Vitrine do Cariri\/Foto: Reprodu\u00e7\u00e3o google<\/em><\/p>\n<p><strong>Leia mais not\u00edcias em\u00a0<\/strong><a href=\"http:\/\/www.caririemacao.com\/\"><strong>caririemacao.com<\/strong><\/a><strong>, siga nossa p\u00e1gina no\u00a0<\/strong><a href=\"https:\/\/www.facebook.com\/CaririEmAcao\/?ref=aymt_homepage_panel\"><strong>Facebook<\/strong><\/a>,<strong>\u00a0<\/strong><a href=\"https:\/\/www.instagram.com\/cariri_em_acao\/?hl=pt-br\"><strong>Instagram<\/strong><\/a><strong>\u00a0e\u00a0<\/strong><a href=\"https:\/\/www.youtube.com\/channel\/UCAptA0jQuYQy8vMhLt2m4qg\"><strong>Youtube<\/strong><\/a><strong>\u00a0e veja nossas mat\u00e9rias, v\u00eddeos e fotos. Voc\u00ea tamb\u00e9m pode enviar informa\u00e7\u00f5es \u00e0 Reda\u00e7\u00e3o do Portal Cariri em A\u00e7\u00e3o pelo WhatsApp (83) 9 9634.5791, (83) 9 9601-1162.<\/strong><\/p>\n","protected":false},"excerpt":{"rendered":"<p>De 21 a 30 deste m\u00eas de maio ser\u00e1 realizada mais uma Marcha de Prefeitos em Bras\u00edlia, e a FAMUP (Federa\u00e7\u00e3o de Associa\u00e7\u00f5es de Munic\u00edpios&hellip; <\/p>\n","protected":false},"author":2,"featured_media":49237,"comment_status":"closed","ping_status":"closed","sticky":false,"template":"","format":"standard","meta":{"sfsi_plus_gutenberg_text_before_share":"","sfsi_plus_gutenberg_show_text_before_share":"","sfsi_plus_gutenberg_icon_type":"","sfsi_plus_gutenberg_icon_alignemt":"","sfsi_plus_gutenburg_max_per_row":"","footnotes":""},"categories":[11],"tags":[],"class_list":["post-49236","post","type-post","status-publish","format-standard","has-post-thumbnail","hentry","category-politica"],"_links":{"self":[{"href":"https:\/\/www.caririemacao.com\/1\/wp-json\/wp\/v2\/posts\/49236","targetHints":{"allow":["GET"]}}],"collection":[{"href":"https:\/\/www.caririemacao.com\/1\/wp-json\/wp\/v2\/posts"}],"about":[{"href":"https:\/\/www.caririemacao.com\/1\/wp-json\/wp\/v2\/types\/post"}],"author":[{"embeddable":true,"href":"https:\/\/www.caririemacao.com\/1\/wp-json\/wp\/v2\/users\/2"}],"replies":[{"embeddable":true,"href":"https:\/\/www.caririemacao.com\/1\/wp-json\/wp\/v2\/comments?post=49236"}],"version-history":[{"count":0,"href":"https:\/\/www.caririemacao.com\/1\/wp-json\/wp\/v2\/posts\/49236\/revisions"}],"wp:featuredmedia":[{"embeddable":true,"href":"https:\/\/www.caririemacao.com\/1\/wp-json\/wp\/v2\/media\/49237"}],"wp:attachment":[{"href":"https:\/\/www.caririemacao.com\/1\/wp-json\/wp\/v2\/media?parent=49236"}],"wp:term":[{"taxonomy":"category","embeddable":true,"href":"https:\/\/www.caririemacao.com\/1\/wp-json\/wp\/v2\/categories?post=49236"},{"taxonomy":"post_tag","embeddable":true,"href":"https:\/\/www.caririemacao.com\/1\/wp-json\/wp\/v2\/tags?post=49236"}],"curies":[{"name":"wp","href":"https:\/\/api.w.org\/{rel}","templated":true}]}}