{"id":49239,"date":"2018-04-27T08:40:04","date_gmt":"2018-04-27T11:40:04","guid":{"rendered":"http:\/\/caririemacao.com\/1\/?p=49239"},"modified":"2018-04-27T08:40:04","modified_gmt":"2018-04-27T11:40:04","slug":"comissao-tecnica-da-selecao-na-copa-tera-dois-funcionarios-de-neymar","status":"publish","type":"post","link":"https:\/\/www.caririemacao.com\/1\/2018\/04\/27\/comissao-tecnica-da-selecao-na-copa-tera-dois-funcionarios-de-neymar\/","title":{"rendered":"Comiss\u00e3o t\u00e9cnica da sele\u00e7\u00e3o na Copa ter\u00e1 dois funcion\u00e1rios de Neymar"},"content":{"rendered":"<p><span class=\"news_capital_letter\">A<\/span>CBF definiu a comiss\u00e3o t\u00e9cnica que viajar\u00e1 \u00e0 R\u00fassia para acompanhar a sele\u00e7\u00e3o na Copa. Entre auxiliares, seguran\u00e7as e outros profissionais de apoio, ser\u00e3o 41 subordinados a Tite, sem contar os 23 jogadores, que ser\u00e3o convocados no dia 14 de maio.<\/p>\n<p>Na time de auxiliares, est\u00e3o dois membros que fazem parte da equipe pessoal de Neymar, 26, na Fran\u00e7a.<\/p>\n<p>O preparador f\u00edsico Ricardo Rosa, que se juntou \u00e0 sele\u00e7\u00e3o em outubro do ano passado, e tamb\u00e9m o fisioterapeuta Rafael Martini, que j\u00e1 fez duas viagens com o time de Tite, moram em Paris e trabalham para o atacante .Neymar levou a dupla para o auxiliar assim que se transferiu para o PSG, em julho de 2017. Os dois acompanham no Brasil o processo de recupera\u00e7\u00e3o de uma cirurgia no p\u00e9 direito do atleta.<\/p>\n<p>Na R\u00fassia, Rafael Martini vai atuar ao lado de outros tr\u00eas fisioterapeutas: Ricardo Sasaki, Bruno Mazziotti e Caio Mello. Na Copa de 2014, eram dois fisioterapeutas.<\/p>\n<p>J\u00e1 Ricardo Rosa ter\u00e1 a companhia de F\u00e1bio Mahseredjian na prepara\u00e7\u00e3o f\u00edsica dos atletas, assim como Taffarel, respons\u00e1vel pelos goleiros.<\/p>\n<p>Outras novidades da lista de Tite s\u00e3o os observadores t\u00e9cnicos Dudu e Bruno Baquete, que v\u00e3o fazer sua primeira viagem com a sele\u00e7\u00e3o. O primeiro vem das sele\u00e7\u00f5es de base, enquanto o segundo \u00e9 do Atl\u00e9tico-PR e j\u00e1 trabalhou com Tite no Corinthians.<\/p>\n<p>Eles acompanham Fernando L\u00e1zaro, Thomas Ara\u00fajo e Mauricio Dulac, analistas de desempenho que v\u00e3o ajudar Tite a estudar os advers\u00e1rios. Em 2014, Dunga tinha um profissional nessa \u00e1rea.<\/p>\n<p>A lista da R\u00fassia tamb\u00e9m conta com seis membros na equipe de seguran\u00e7a.<\/p>\n<p>A comiss\u00e3o t\u00e9cnica ter\u00e1 ainda um chef de cozinha, Jodeval Ferreira, o John, contratado para auxiliar Jaime, h\u00e1 mais de 20 anos junto \u00e0 sele\u00e7\u00e3o brasileira.<\/p>\n<p>Os auxiliares mais pr\u00f3ximos de Tite na R\u00fassia ser\u00e3o Cl\u00e9ber Xavier, Sylvinho e o filho do treinador, Matheus Bachi. Edu Gaspar \u00e9 o coordenador, e Luis Vagner o supervisor de futebol.<\/p>\n<p>A comiss\u00e3o t\u00e9cnica optou por n\u00e3o incluir um psic\u00f3logo. &#8220;Na sele\u00e7\u00e3o, vejo dificuldade pelo curto espa\u00e7o de tempo&#8221;, afirmou o t\u00e9cnico \u00e0 Folha, em outubro de 2017.<\/p>\n<p>A equipe de Tite \u00e9 maior do que a de seus antecessores. Em maio de 2013, a CBF divulgou uma lista com 18 nomes integrantes da comiss\u00e3o t\u00e9cnica na Copa das Confedera\u00e7\u00f5es. Luiz Felipe Scolari era o treinador.<\/p>\n<p>Em 2010, Dunga tinha na sua comiss\u00e3o 21 profissionais. Nas eliminat\u00f3rias para a Copa de 2006, Carlos Alberto Parreira tinha 15 auxiliares.<\/p>\n<p><strong>CARIRI EM A\u00c7\u00c3O<\/strong><\/p>\n<p><em>Com <span class=\"news_italic\">Folhapress<\/span>\/Foto:\u00a0Pedro Martins<\/em><\/p>\n<p><strong>Leia mais not\u00edcias em\u00a0<\/strong><a href=\"http:\/\/www.caririemacao.com\/\"><strong>caririemacao.com<\/strong><\/a><strong>, siga nossa p\u00e1gina no\u00a0<\/strong><a href=\"https:\/\/www.facebook.com\/CaririEmAcao\/?ref=aymt_homepage_panel\"><strong>Facebook<\/strong><\/a>,<strong>\u00a0<\/strong><a href=\"https:\/\/www.instagram.com\/cariri_em_acao\/?hl=pt-br\"><strong>Instagram<\/strong><\/a><strong>\u00a0e\u00a0<\/strong><a href=\"https:\/\/www.youtube.com\/channel\/UCAptA0jQuYQy8vMhLt2m4qg\"><strong>Youtube<\/strong><\/a><strong>\u00a0e veja nossas mat\u00e9rias, v\u00eddeos e fotos. Voc\u00ea tamb\u00e9m pode enviar informa\u00e7\u00f5es \u00e0 Reda\u00e7\u00e3o do Portal Cariri em A\u00e7\u00e3o pelo WhatsApp (83) 9 9634.5791, (83) 9 9601-1162.<\/strong><\/p>\n","protected":false},"excerpt":{"rendered":"<p>ACBF definiu a comiss\u00e3o t\u00e9cnica que viajar\u00e1 \u00e0 R\u00fassia para acompanhar a sele\u00e7\u00e3o na Copa. Entre auxiliares, seguran\u00e7as e outros profissionais de apoio, ser\u00e3o 41&hellip; <\/p>\n","protected":false},"author":2,"featured_media":49240,"comment_status":"closed","ping_status":"closed","sticky":false,"template":"","format":"standard","meta":{"sfsi_plus_gutenberg_text_before_share":"","sfsi_plus_gutenberg_show_text_before_share":"","sfsi_plus_gutenberg_icon_type":"","sfsi_plus_gutenberg_icon_alignemt":"","sfsi_plus_gutenburg_max_per_row":"","footnotes":""},"categories":[13],"tags":[],"class_list":["post-49239","post","type-post","status-publish","format-standard","has-post-thumbnail","hentry","category-esportes"],"_links":{"self":[{"href":"https:\/\/www.caririemacao.com\/1\/wp-json\/wp\/v2\/posts\/49239","targetHints":{"allow":["GET"]}}],"collection":[{"href":"https:\/\/www.caririemacao.com\/1\/wp-json\/wp\/v2\/posts"}],"about":[{"href":"https:\/\/www.caririemacao.com\/1\/wp-json\/wp\/v2\/types\/post"}],"author":[{"embeddable":true,"href":"https:\/\/www.caririemacao.com\/1\/wp-json\/wp\/v2\/users\/2"}],"replies":[{"embeddable":true,"href":"https:\/\/www.caririemacao.com\/1\/wp-json\/wp\/v2\/comments?post=49239"}],"version-history":[{"count":0,"href":"https:\/\/www.caririemacao.com\/1\/wp-json\/wp\/v2\/posts\/49239\/revisions"}],"wp:featuredmedia":[{"embeddable":true,"href":"https:\/\/www.caririemacao.com\/1\/wp-json\/wp\/v2\/media\/49240"}],"wp:attachment":[{"href":"https:\/\/www.caririemacao.com\/1\/wp-json\/wp\/v2\/media?parent=49239"}],"wp:term":[{"taxonomy":"category","embeddable":true,"href":"https:\/\/www.caririemacao.com\/1\/wp-json\/wp\/v2\/categories?post=49239"},{"taxonomy":"post_tag","embeddable":true,"href":"https:\/\/www.caririemacao.com\/1\/wp-json\/wp\/v2\/tags?post=49239"}],"curies":[{"name":"wp","href":"https:\/\/api.w.org\/{rel}","templated":true}]}}