{"id":49242,"date":"2018-04-27T08:43:07","date_gmt":"2018-04-27T11:43:07","guid":{"rendered":"http:\/\/caririemacao.com\/1\/?p=49242"},"modified":"2018-04-27T09:04:28","modified_gmt":"2018-04-27T12:04:28","slug":"prefeitura-de-ouro-velho-entrega-carro-0-km","status":"publish","type":"post","link":"https:\/\/www.caririemacao.com\/1\/2018\/04\/27\/prefeitura-de-ouro-velho-entrega-carro-0-km\/","title":{"rendered":"Prefeitura de Ouro Velho entrega carro 0 km"},"content":{"rendered":"<p>A Prefeitura de Ouro Velho entregou na tarde desta quinta-feira, dia 26, mais um ve\u00edculo 0 Km, desta vez, para a Secretaria de Assist\u00eancia Social.<\/p>\n<p>De acordo com a secret\u00e1ria de Assist\u00eancia Social, Aline Lucena, o ve\u00edculo foi comprado com recurso pr\u00f3prio e vem aumentar a frota do munic\u00edpio. O carro ser\u00e1 destinado para as atividades da Secretaria de Assist\u00eancia Social.<\/p>\n<p><a href=\"http:\/\/caririemacao.com\/1\/?attachment_id=49243\" rel=\"attachment wp-att-49243\"><img fetchpriority=\"high\" decoding=\"async\" class=\"aligncenter size-full wp-image-49243\" src=\"http:\/\/caririemacao.com\/1\/wp-content\/uploads\/2018\/04\/31369198_1534433613346732_1126531438833827840_n.jpg\" alt=\"\" width=\"960\" height=\"720\" srcset=\"https:\/\/www.caririemacao.com\/1\/wp-content\/uploads\/2018\/04\/31369198_1534433613346732_1126531438833827840_n.jpg 960w, https:\/\/www.caririemacao.com\/1\/wp-content\/uploads\/2018\/04\/31369198_1534433613346732_1126531438833827840_n-300x225.jpg 300w, https:\/\/www.caririemacao.com\/1\/wp-content\/uploads\/2018\/04\/31369198_1534433613346732_1126531438833827840_n-768x576.jpg 768w\" sizes=\"(max-width: 960px) 100vw, 960px\" \/><\/a><\/p>\n<p>\u201cEste ve\u00edculo \u00e9 de grande import\u00e2ncia para que possam melhorar o atendimento e os servi\u00e7os da secretaria com a comunidade. Agrade\u00e7o o empenho da prefeita e de Dr. J\u00fanior por pensar sempre no melhor para nossa cidade\u201d.<\/p>\n<p>Na entrega, al\u00e9m de Aline e sua equipe da secretaria, v\u00e1rias pessoas tamb\u00e9m participaram do ato que contou com a presen\u00e7a do presidente da C\u00e2mara Municipal, Erivonaldo Lopes e do vereador Val.<\/p>\n<p><strong>CARIRI EM A\u00c7\u00c3O<\/strong><\/p>\n<p>Reda\u00e7\u00e3o com Fotos do Cariri em A\u00e7\u00e3o<\/p>\n<p><strong style=\"font-style: inherit;\">Leia mais not\u00edcias em\u00a0<\/strong><a style=\"font-style: inherit; font-weight: inherit;\" href=\"http:\/\/www.caririemacao.com\/\"><strong style=\"font-style: inherit;\">caririemacao.com<\/strong><\/a><strong style=\"font-style: inherit;\">, siga nossa p\u00e1gina no\u00a0<\/strong><a style=\"font-style: inherit; font-weight: inherit;\" href=\"https:\/\/www.facebook.com\/CaririEmAcao\/?ref=aymt_homepage_panel\"><strong style=\"font-style: inherit;\">Facebook<\/strong><\/a>,<strong style=\"font-style: inherit;\">\u00a0<\/strong><a style=\"font-style: inherit; font-weight: inherit;\" href=\"https:\/\/www.instagram.com\/cariri_em_acao\/?hl=pt-br\"><strong style=\"font-style: inherit;\">Instagram<\/strong><\/a><strong style=\"font-style: inherit;\">\u00a0e\u00a0<\/strong><a style=\"font-style: inherit; font-weight: inherit;\" href=\"https:\/\/www.youtube.com\/channel\/UCAptA0jQuYQy8vMhLt2m4qg\"><strong style=\"font-style: inherit;\">Youtube<\/strong><\/a><strong style=\"font-style: inherit;\">\u00a0e veja nossas mat\u00e9rias, v\u00eddeos e fotos. Voc\u00ea tamb\u00e9m pode enviar informa\u00e7\u00f5es \u00e0 Reda\u00e7\u00e3o do Portal Cariri em A\u00e7\u00e3o pelo WhatsApp (83) 9 9634.5791, (83) 9 9601-1162.<\/strong><\/p>\n","protected":false},"excerpt":{"rendered":"<p>A Prefeitura de Ouro Velho entregou na tarde desta quinta-feira, dia 26, mais um ve\u00edculo 0 Km, desta vez, para a Secretaria de Assist\u00eancia Social.&hellip; <\/p>\n","protected":false},"author":2,"featured_media":49244,"comment_status":"closed","ping_status":"closed","sticky":false,"template":"","format":"standard","meta":{"sfsi_plus_gutenberg_text_before_share":"","sfsi_plus_gutenberg_show_text_before_share":"","sfsi_plus_gutenberg_icon_type":"","sfsi_plus_gutenberg_icon_alignemt":"","sfsi_plus_gutenburg_max_per_row":"","footnotes":""},"categories":[6],"tags":[],"class_list":["post-49242","post","type-post","status-publish","format-standard","has-post-thumbnail","hentry","category-cidades"],"_links":{"self":[{"href":"https:\/\/www.caririemacao.com\/1\/wp-json\/wp\/v2\/posts\/49242","targetHints":{"allow":["GET"]}}],"collection":[{"href":"https:\/\/www.caririemacao.com\/1\/wp-json\/wp\/v2\/posts"}],"about":[{"href":"https:\/\/www.caririemacao.com\/1\/wp-json\/wp\/v2\/types\/post"}],"author":[{"embeddable":true,"href":"https:\/\/www.caririemacao.com\/1\/wp-json\/wp\/v2\/users\/2"}],"replies":[{"embeddable":true,"href":"https:\/\/www.caririemacao.com\/1\/wp-json\/wp\/v2\/comments?post=49242"}],"version-history":[{"count":0,"href":"https:\/\/www.caririemacao.com\/1\/wp-json\/wp\/v2\/posts\/49242\/revisions"}],"wp:featuredmedia":[{"embeddable":true,"href":"https:\/\/www.caririemacao.com\/1\/wp-json\/wp\/v2\/media\/49244"}],"wp:attachment":[{"href":"https:\/\/www.caririemacao.com\/1\/wp-json\/wp\/v2\/media?parent=49242"}],"wp:term":[{"taxonomy":"category","embeddable":true,"href":"https:\/\/www.caririemacao.com\/1\/wp-json\/wp\/v2\/categories?post=49242"},{"taxonomy":"post_tag","embeddable":true,"href":"https:\/\/www.caririemacao.com\/1\/wp-json\/wp\/v2\/tags?post=49242"}],"curies":[{"name":"wp","href":"https:\/\/api.w.org\/{rel}","templated":true}]}}