{"id":49246,"date":"2018-04-27T09:06:38","date_gmt":"2018-04-27T12:06:38","guid":{"rendered":"http:\/\/caririemacao.com\/1\/?p=49246"},"modified":"2018-04-27T09:06:38","modified_gmt":"2018-04-27T12:06:38","slug":"transposicao-ministerio-substitui-construtora-para-manter-entrega-do-eixo-norte","status":"publish","type":"post","link":"https:\/\/www.caririemacao.com\/1\/2018\/04\/27\/transposicao-ministerio-substitui-construtora-para-manter-entrega-do-eixo-norte\/","title":{"rendered":"Transposi\u00e7\u00e3o: Minist\u00e9rio substitui construtora para manter entrega do Eixo Norte"},"content":{"rendered":"<p>O ministro da Integra\u00e7\u00e3o Nacional, P\u00e1dua Andrade, confirmou a substitui\u00e7\u00e3o da empresa construtora respons\u00e1vel pelas obras da meta 1N no Eixo Norte do Projeto de Integra\u00e7\u00e3o do Rio S\u00e3o Francisco. A medida do Governo Federal visa \u00e0 garantia do prazo de entrega do empreendimento.\u00a0Na Para\u00edba, a expectativa do Minist\u00e9rio era de que as \u00e1guas chegassem ao Sert\u00e3o da Para\u00edba no primeiro semestre de 2018, mas agora v\u00e3o atrasar.<\/p>\n<p>\u201cEstamos fazendo a gest\u00e3o de problemas pontuais naquele trecho para garantir a seguran\u00e7a h\u00eddrica da popula\u00e7\u00e3o do Cear\u00e1, Para\u00edba e Rio Grande do Norte. O cronograma para entrega da \u00e1gua aos estados est\u00e1 mantido. A obra \u00e9 uma prioridade do Governo Federal e vamos conclu\u00ed-las neste ano\u201d, refor\u00e7ou o ministro durante audi\u00eancia a senadores da regi\u00e3o Nordeste, em Bras\u00edlia (DF).<\/p>\n<p>O processo para troca de empresas dever\u00e1 ser conclu\u00eddo no pr\u00f3ximo m\u00eas, assegurando assim o cumprimento de entrega das obras do Eixo Norte neste ano. Na oportunidade, o ministro P\u00e1dua Andrade detalhou que os tr\u00e2mites para rescis\u00e3o foram iniciados no dia 16 deste m\u00eas, ap\u00f3s a empresa respons\u00e1vel pelo trecho (Emsa) comunicar a sua incapacidade financeira para concluir os servi\u00e7os previstos em contrato. Desde ent\u00e3o, a \u00e1rea t\u00e9cnica do Minist\u00e9rio est\u00e1 adotando todas as medidas cab\u00edveis para formalizar a rescis\u00e3o contratual, nos termos da legisla\u00e7\u00e3o.<\/p>\n<p>O ministro P\u00e1dua Andrade ainda informou que a Emsa continuar\u00e1 os trabalhos nos pontos mais complexos da meta 1N at\u00e9 permuta da nova prestadora de servi\u00e7o, justamente para que n\u00e3o haja preju\u00edzos no cronograma estabelecido pelo Governo Federal.<\/p>\n<h4>Projeto S\u00e3o Francisco<\/h4>\n<p>Com 260 quil\u00f4metros de extens\u00e3o, o Eixo Norte est\u00e1 95% finalizado e \u00e9 organizado em tr\u00eas metas de execu\u00e7\u00e3o (1N, 2N e 3N). Quando totalmente conclu\u00eddo, o trecho poder\u00e1 atender mais de sete milh\u00f5es de pessoas em Pernambuco, Cear\u00e1, Para\u00edba e Rio Grande do Norte.<\/p>\n<p>O outro eixo de transfer\u00eancia de \u00e1gua do Projeto \u2013 Leste \u2013 tem garantido o abastecimento regular de quase um milh\u00e3o de habitantes em Pernambuco e Para\u00edba, desde mar\u00e7o de 2017.<\/p>\n<p><strong>CARIRI EM A\u00c7\u00c3O<\/strong><\/p>\n<p>Com Jornal da Para\u00edba\/Foto: Reprodu\u00e7\u00e3o google<\/p>\n<p>Leia mais not\u00edcias em\u00a0caririemacao.com, siga nossa p\u00e1gina no\u00a0Facebook,\u00a0Instagram\u00a0e\u00a0Youtube\u00a0e veja nossas mat\u00e9rias, v\u00eddeos e fotos. Voc\u00ea tamb\u00e9m pode enviar informa\u00e7\u00f5es \u00e0 Reda\u00e7\u00e3o do Portal Cariri em A\u00e7\u00e3o pelo WhatsApp (83) 9 9634.5791, (83) 9 9601-1162.<\/p>\n","protected":false},"excerpt":{"rendered":"<p>O ministro da Integra\u00e7\u00e3o Nacional, P\u00e1dua Andrade, confirmou a substitui\u00e7\u00e3o da empresa construtora respons\u00e1vel pelas obras da meta 1N no Eixo Norte do Projeto de&hellip; <\/p>\n","protected":false},"author":2,"featured_media":49247,"comment_status":"closed","ping_status":"closed","sticky":false,"template":"","format":"standard","meta":{"sfsi_plus_gutenberg_text_before_share":"","sfsi_plus_gutenberg_show_text_before_share":"","sfsi_plus_gutenberg_icon_type":"","sfsi_plus_gutenberg_icon_alignemt":"","sfsi_plus_gutenburg_max_per_row":"","footnotes":""},"categories":[2],"tags":[],"class_list":["post-49246","post","type-post","status-publish","format-standard","has-post-thumbnail","hentry","category-geral"],"_links":{"self":[{"href":"https:\/\/www.caririemacao.com\/1\/wp-json\/wp\/v2\/posts\/49246","targetHints":{"allow":["GET"]}}],"collection":[{"href":"https:\/\/www.caririemacao.com\/1\/wp-json\/wp\/v2\/posts"}],"about":[{"href":"https:\/\/www.caririemacao.com\/1\/wp-json\/wp\/v2\/types\/post"}],"author":[{"embeddable":true,"href":"https:\/\/www.caririemacao.com\/1\/wp-json\/wp\/v2\/users\/2"}],"replies":[{"embeddable":true,"href":"https:\/\/www.caririemacao.com\/1\/wp-json\/wp\/v2\/comments?post=49246"}],"version-history":[{"count":0,"href":"https:\/\/www.caririemacao.com\/1\/wp-json\/wp\/v2\/posts\/49246\/revisions"}],"wp:featuredmedia":[{"embeddable":true,"href":"https:\/\/www.caririemacao.com\/1\/wp-json\/wp\/v2\/media\/49247"}],"wp:attachment":[{"href":"https:\/\/www.caririemacao.com\/1\/wp-json\/wp\/v2\/media?parent=49246"}],"wp:term":[{"taxonomy":"category","embeddable":true,"href":"https:\/\/www.caririemacao.com\/1\/wp-json\/wp\/v2\/categories?post=49246"},{"taxonomy":"post_tag","embeddable":true,"href":"https:\/\/www.caririemacao.com\/1\/wp-json\/wp\/v2\/tags?post=49246"}],"curies":[{"name":"wp","href":"https:\/\/api.w.org\/{rel}","templated":true}]}}