{"id":49265,"date":"2018-04-27T12:12:47","date_gmt":"2018-04-27T15:12:47","guid":{"rendered":"http:\/\/caririemacao.com\/1\/?p=49265"},"modified":"2018-04-27T12:14:49","modified_gmt":"2018-04-27T15:14:49","slug":"hospital-de-trauma-descarta-morte-cerebral-de-jovem-vitima-de-acidente-em-monteiro","status":"publish","type":"post","link":"https:\/\/www.caririemacao.com\/1\/2018\/04\/27\/hospital-de-trauma-descarta-morte-cerebral-de-jovem-vitima-de-acidente-em-monteiro\/","title":{"rendered":"Hospital de Trauma descarta morte cerebral de jovem v\u00edtima de acidente em Monteiro"},"content":{"rendered":"<p style=\"font-weight: 400;\">Exames de avalia\u00e7\u00e3o m\u00e9dica divulgados nesta sexta-feira, 27, pelo Hospital de Emerg\u00eancia e Trauma de Campina Grande, atestou que o c\u00e9rebro do jovem monteirense Luiz Augusto, est\u00e1 reagindo e foi descartada a morte cerebral.<\/p>\n<p style=\"font-weight: 400;\">Luiz Augusto foi v\u00edtima de um acidente de moto no \u00faltimo dia 21, na estrada que liga os munic\u00edpios de Monteiro e Zabel\u00ea, mas precisamente, na Serra Negra. A v\u00edtima foi socorrida para o Hospital de Monteiro, e transferido para o Hospital de Trauma devido \u00e0 gravidade nos ferimentos.<\/p>\n<p style=\"font-weight: 400;\">Anteriormente, o Hospital havia informado que o jovem teria sofrido morte cerebral, mas novos exames constataram que o c\u00e9rebro do jovem est\u00e1 reagindo, descartando a morte cerebral.<\/p>\n<p><strong>CARIRI EM A\u00c7\u00c3O<\/strong><\/p>\n<p>Com Tribuna do Cariri\/Foto:\u00a0Tribuna do Cariri<\/p>\n<p>Leia mais not\u00edcias em\u00a0caririemacao.com, siga nossa p\u00e1gina no\u00a0Facebook,\u00a0Instagram\u00a0e\u00a0Youtube\u00a0e veja nossas mat\u00e9rias, v\u00eddeos e fotos. Voc\u00ea tamb\u00e9m pode enviar informa\u00e7\u00f5es \u00e0 Reda\u00e7\u00e3o do Portal Cariri em A\u00e7\u00e3o pelo WhatsApp (83) 9 9634.5791, (83) 9 9601-1162.<\/p>\n","protected":false},"excerpt":{"rendered":"<p>Exames de avalia\u00e7\u00e3o m\u00e9dica divulgados nesta sexta-feira, 27, pelo Hospital de Emerg\u00eancia e Trauma de Campina Grande, atestou que o c\u00e9rebro do jovem monteirense Luiz&hellip; <\/p>\n","protected":false},"author":2,"featured_media":49266,"comment_status":"closed","ping_status":"closed","sticky":false,"template":"","format":"standard","meta":{"sfsi_plus_gutenberg_text_before_share":"","sfsi_plus_gutenberg_show_text_before_share":"","sfsi_plus_gutenberg_icon_type":"","sfsi_plus_gutenberg_icon_alignemt":"","sfsi_plus_gutenburg_max_per_row":"","footnotes":""},"categories":[2],"tags":[],"class_list":["post-49265","post","type-post","status-publish","format-standard","has-post-thumbnail","hentry","category-geral"],"_links":{"self":[{"href":"https:\/\/www.caririemacao.com\/1\/wp-json\/wp\/v2\/posts\/49265","targetHints":{"allow":["GET"]}}],"collection":[{"href":"https:\/\/www.caririemacao.com\/1\/wp-json\/wp\/v2\/posts"}],"about":[{"href":"https:\/\/www.caririemacao.com\/1\/wp-json\/wp\/v2\/types\/post"}],"author":[{"embeddable":true,"href":"https:\/\/www.caririemacao.com\/1\/wp-json\/wp\/v2\/users\/2"}],"replies":[{"embeddable":true,"href":"https:\/\/www.caririemacao.com\/1\/wp-json\/wp\/v2\/comments?post=49265"}],"version-history":[{"count":0,"href":"https:\/\/www.caririemacao.com\/1\/wp-json\/wp\/v2\/posts\/49265\/revisions"}],"wp:featuredmedia":[{"embeddable":true,"href":"https:\/\/www.caririemacao.com\/1\/wp-json\/wp\/v2\/media\/49266"}],"wp:attachment":[{"href":"https:\/\/www.caririemacao.com\/1\/wp-json\/wp\/v2\/media?parent=49265"}],"wp:term":[{"taxonomy":"category","embeddable":true,"href":"https:\/\/www.caririemacao.com\/1\/wp-json\/wp\/v2\/categories?post=49265"},{"taxonomy":"post_tag","embeddable":true,"href":"https:\/\/www.caririemacao.com\/1\/wp-json\/wp\/v2\/tags?post=49265"}],"curies":[{"name":"wp","href":"https:\/\/api.w.org\/{rel}","templated":true}]}}