{"id":49268,"date":"2018-04-27T12:18:46","date_gmt":"2018-04-27T15:18:46","guid":{"rendered":"http:\/\/caririemacao.com\/1\/?p=49268"},"modified":"2018-04-27T12:18:46","modified_gmt":"2018-04-27T15:18:46","slug":"ricardo-veta-programa-de-aposentadoria-incentivada-do-mppb","status":"publish","type":"post","link":"https:\/\/www.caririemacao.com\/1\/2018\/04\/27\/ricardo-veta-programa-de-aposentadoria-incentivada-do-mppb\/","title":{"rendered":"Ricardo veta programa de aposentadoria incentivada do MPPB"},"content":{"rendered":"<p>O governador Ricardo Coutinho (PSB) vetou o Programa de Aposentadoria Incentivada (PAI) para servidores do quadro efetivo do Minist\u00e9rio P\u00fablico do Estado da Para\u00edba. O argumento do Chefe do Executivo \u00e9 que h\u00e1 um d\u00e9ficit de mais de um bilh\u00e3o na Para\u00edba Previd\u00eancia (PBPrev). O veto foi publicado no\u00a0Di\u00e1rio Oficial do Estado desta sexta-feira (27)\u00a0e segue para aprecia\u00e7\u00e3o da Assembleia Legislativa.<\/p>\n<p>Ricardo argumenta, ao iniciar a justificativa do veto, que a decis\u00e3o tomou por base estudo da pr\u00f3pria PBPrev, que seria deficit\u00e1ria desde a sua cria\u00e7\u00e3o, em 2003. \u201cEntendo que nesse tipo de propositura a an\u00e1lise deve ser t\u00e9cnica e imune a interesses pol\u00edticos\u201d, afirma, destacando que o d\u00e9ficit da PBPrev em 2017 somou a \u2018quantia estratosf\u00e9rica\u2019 de R$ 1.280.782.763,97.<\/p>\n<p>Programa similar foi adotado pela Assembleia Legislativa nos \u00faltimos anos. O governador refor\u00e7a, no entanto, que, \u201capesar de em anos anteriores n\u00e3o ter vetado projetos com id\u00eantico conte\u00fado, a atual situa\u00e7\u00e3o econ\u00f4mica da PBPrev me impele ao veto. Isso, contudo, n\u00e3o inviabiliza a abertura de di\u00e1logo entre o Poder Executivo e o Minist\u00e9rio P\u00fablico da Para\u00edba para que se possa construir uma nova proposta menos danosa para as contas da PBPrev\u201d, pondera.<\/p>\n<h4>PAI do Minist\u00e9rio<\/h4>\n<p>O programa de aposentadoria volunt\u00e1ria do Minist\u00e9rio P\u00fablico \u00e9 destinado a servidores com mais de 70 anos, que n\u00e3o esteja respondendo a sua processo disciplinar, e seria limitada a 30 servidores, tendo prioridade os que tiverem maior tempo de servi\u00e7o ao MPPB e, em caso de empate, o mais idoso.<\/p>\n<p>Ao aderir ao PAI, o servidor poderia escolher ser indenizado das seguintes formas: receber at\u00e9 17% da remunera\u00e7\u00e3o atual do cargo exercido multiplicado por cada ano de servi\u00e7o prestado ao MP; o valor dos aux\u00edlios sa\u00fade e alimenta\u00e7\u00e3o e abono de perman\u00eancia por at\u00e9 42 meses; cinco remunera\u00e7\u00f5es do cargo efetivo ocupado no momento da ades\u00e3o; ou tamb\u00e9m 1.680 unidades fiscais de refer\u00eancia da Para\u00edba.<\/p>\n<p><strong>CARIRI EM A\u00c7\u00c3O<\/strong><\/p>\n<p>Com Jornal da Para\u00edba\/Foto: Reprodu\u00e7\u00e3o google<\/p>\n<p>Leia mais not\u00edcias em\u00a0caririemacao.com, siga nossa p\u00e1gina no\u00a0Facebook,\u00a0Instagram\u00a0e\u00a0Youtube\u00a0e veja nossas mat\u00e9rias, v\u00eddeos e fotos. Voc\u00ea tamb\u00e9m pode enviar informa\u00e7\u00f5es \u00e0 Reda\u00e7\u00e3o do Portal Cariri em A\u00e7\u00e3o pelo WhatsApp (83) 9 9634.5791, (83) 9 9601-1162.<\/p>\n","protected":false},"excerpt":{"rendered":"<p>O governador Ricardo Coutinho (PSB) vetou o Programa de Aposentadoria Incentivada (PAI) para servidores do quadro efetivo do Minist\u00e9rio P\u00fablico do Estado da Para\u00edba. O&hellip; <\/p>\n","protected":false},"author":2,"featured_media":48941,"comment_status":"closed","ping_status":"closed","sticky":false,"template":"","format":"standard","meta":{"sfsi_plus_gutenberg_text_before_share":"","sfsi_plus_gutenberg_show_text_before_share":"","sfsi_plus_gutenberg_icon_type":"","sfsi_plus_gutenberg_icon_alignemt":"","sfsi_plus_gutenburg_max_per_row":"","footnotes":""},"categories":[2],"tags":[],"class_list":["post-49268","post","type-post","status-publish","format-standard","has-post-thumbnail","hentry","category-geral"],"_links":{"self":[{"href":"https:\/\/www.caririemacao.com\/1\/wp-json\/wp\/v2\/posts\/49268","targetHints":{"allow":["GET"]}}],"collection":[{"href":"https:\/\/www.caririemacao.com\/1\/wp-json\/wp\/v2\/posts"}],"about":[{"href":"https:\/\/www.caririemacao.com\/1\/wp-json\/wp\/v2\/types\/post"}],"author":[{"embeddable":true,"href":"https:\/\/www.caririemacao.com\/1\/wp-json\/wp\/v2\/users\/2"}],"replies":[{"embeddable":true,"href":"https:\/\/www.caririemacao.com\/1\/wp-json\/wp\/v2\/comments?post=49268"}],"version-history":[{"count":0,"href":"https:\/\/www.caririemacao.com\/1\/wp-json\/wp\/v2\/posts\/49268\/revisions"}],"wp:featuredmedia":[{"embeddable":true,"href":"https:\/\/www.caririemacao.com\/1\/wp-json\/wp\/v2\/media\/48941"}],"wp:attachment":[{"href":"https:\/\/www.caririemacao.com\/1\/wp-json\/wp\/v2\/media?parent=49268"}],"wp:term":[{"taxonomy":"category","embeddable":true,"href":"https:\/\/www.caririemacao.com\/1\/wp-json\/wp\/v2\/categories?post=49268"},{"taxonomy":"post_tag","embeddable":true,"href":"https:\/\/www.caririemacao.com\/1\/wp-json\/wp\/v2\/tags?post=49268"}],"curies":[{"name":"wp","href":"https:\/\/api.w.org\/{rel}","templated":true}]}}