{"id":49270,"date":"2018-04-27T12:29:08","date_gmt":"2018-04-27T15:29:08","guid":{"rendered":"http:\/\/caririemacao.com\/1\/?p=49270"},"modified":"2018-04-27T12:29:08","modified_gmt":"2018-04-27T15:29:08","slug":"welington-consegue-liberar-emenda-para-reforma-do-campo-de-futebol-de-s-j-dos-cordeiros","status":"publish","type":"post","link":"https:\/\/www.caririemacao.com\/1\/2018\/04\/27\/welington-consegue-liberar-emenda-para-reforma-do-campo-de-futebol-de-s-j-dos-cordeiros\/","title":{"rendered":"Welington consegue liberar emenda para reforma do campo de futebol de S. J. dos Cordeiros"},"content":{"rendered":"<p>O prefeito Jefferson Roberto (PSB) determinou a abertura de licita\u00e7\u00e3o para reforma do campo de futebol de S\u00e3o Jos\u00e9 dos Cordeiros. A reforma custar\u00e1 um investimento de R$ R$ 243.750,00 e o recurso foi conseguido pelo gestor junto ao deputado federal Welington Roberto.<\/p>\n<p>A primeira parcela do conv\u00eanio foi liberada na \u00faltima semana atrav\u00e9s de uma articula\u00e7\u00e3o do deputado Welington Roberto. Foi liberado o valor de R$ 121.875,00, que j\u00e1 est\u00e1 na conta da Prefeitura. O prefeito Jefferson Roberto determinou imediatamente a realiza\u00e7\u00e3o da licita\u00e7\u00e3o e espera come\u00e7ar nas pr\u00f3ximas semanas a reforma de uma das principais pra\u00e7as esportivas de S\u00e3o Jos\u00e9 dos Cordeiros.<\/p>\n<p>Nesta primeira etapa ser\u00e1 realizada a constru\u00e7\u00e3o de banheiros, bilheteria, arquibancadas, muro de contorno e drenagem do campo. O prefeito Jefferson Roberto disse que numa segunda etapa pretende conseguir o complemento de recurso para fazer o gramado.<\/p>\n<p>O conv\u00eanio foi originado ainda no ano de 2016, na gest\u00e3o do ex-prefeito Fernando Queiroz, e segundo o gestor Jefferson Roberto o trabalho do deputado Welington Roberto foi decisivo para que esse projeto fosse concretizado e o recurso liberado. \u201cVamos agora acelerar a obra e esperamos em breve poder entregar \u00e0 comunidade desportiva cordeirense a moderniza\u00e7\u00e3o de nosso campo de futebol\u201d.<\/p>\n<p><strong>CARIRI EM A\u00c7\u00c3O<\/strong><\/p>\n<p>Com Vitrine do Cariri\/Foto: Reprodu\u00e7\u00e3o google<\/p>\n<p>Leia mais not\u00edcias em\u00a0caririemacao.com, siga nossa p\u00e1gina no\u00a0Facebook,\u00a0Instagram\u00a0e\u00a0Youtube\u00a0e veja nossas mat\u00e9rias, v\u00eddeos e fotos. Voc\u00ea tamb\u00e9m pode enviar informa\u00e7\u00f5es \u00e0 Reda\u00e7\u00e3o do Portal Cariri em A\u00e7\u00e3o pelo WhatsApp (83) 9 9634.5791, (83) 9 9601-1162.<\/p>\n","protected":false},"excerpt":{"rendered":"<p>O prefeito Jefferson Roberto (PSB) determinou a abertura de licita\u00e7\u00e3o para reforma do campo de futebol de S\u00e3o Jos\u00e9 dos Cordeiros. A reforma custar\u00e1 um&hellip; <\/p>\n","protected":false},"author":2,"featured_media":7028,"comment_status":"closed","ping_status":"closed","sticky":false,"template":"","format":"standard","meta":{"sfsi_plus_gutenberg_text_before_share":"","sfsi_plus_gutenberg_show_text_before_share":"","sfsi_plus_gutenberg_icon_type":"","sfsi_plus_gutenberg_icon_alignemt":"","sfsi_plus_gutenburg_max_per_row":"","footnotes":""},"categories":[6],"tags":[],"class_list":["post-49270","post","type-post","status-publish","format-standard","has-post-thumbnail","hentry","category-cidades"],"_links":{"self":[{"href":"https:\/\/www.caririemacao.com\/1\/wp-json\/wp\/v2\/posts\/49270","targetHints":{"allow":["GET"]}}],"collection":[{"href":"https:\/\/www.caririemacao.com\/1\/wp-json\/wp\/v2\/posts"}],"about":[{"href":"https:\/\/www.caririemacao.com\/1\/wp-json\/wp\/v2\/types\/post"}],"author":[{"embeddable":true,"href":"https:\/\/www.caririemacao.com\/1\/wp-json\/wp\/v2\/users\/2"}],"replies":[{"embeddable":true,"href":"https:\/\/www.caririemacao.com\/1\/wp-json\/wp\/v2\/comments?post=49270"}],"version-history":[{"count":0,"href":"https:\/\/www.caririemacao.com\/1\/wp-json\/wp\/v2\/posts\/49270\/revisions"}],"wp:featuredmedia":[{"embeddable":true,"href":"https:\/\/www.caririemacao.com\/1\/wp-json\/wp\/v2\/media\/7028"}],"wp:attachment":[{"href":"https:\/\/www.caririemacao.com\/1\/wp-json\/wp\/v2\/media?parent=49270"}],"wp:term":[{"taxonomy":"category","embeddable":true,"href":"https:\/\/www.caririemacao.com\/1\/wp-json\/wp\/v2\/categories?post=49270"},{"taxonomy":"post_tag","embeddable":true,"href":"https:\/\/www.caririemacao.com\/1\/wp-json\/wp\/v2\/tags?post=49270"}],"curies":[{"name":"wp","href":"https:\/\/api.w.org\/{rel}","templated":true}]}}