{"id":49274,"date":"2018-04-27T19:48:03","date_gmt":"2018-04-27T22:48:03","guid":{"rendered":"http:\/\/caririemacao.com\/1\/?p=49274"},"modified":"2018-04-27T23:49:38","modified_gmt":"2018-04-28T02:49:38","slug":"neste-sabado-programa-cariri-em-acao-sera-apresentado-direto-de-sao-joao-do-tigre","status":"publish","type":"post","link":"https:\/\/www.caririemacao.com\/1\/2018\/04\/27\/neste-sabado-programa-cariri-em-acao-sera-apresentado-direto-de-sao-joao-do-tigre\/","title":{"rendered":"NESTE S\u00c1BADO: Programa Cariri em A\u00e7\u00e3o ser\u00e1 apresentado direto de S\u00e3o Jo\u00e3o do Tigre"},"content":{"rendered":"<p>O programa Cariri em A\u00e7\u00e3o veiculado na todos os s\u00e1bados na R\u00e1dio 95 FM, das 08h \u00e0s 9h, ser\u00e1 apresentado neste s\u00e1bado direto da cidade de S\u00e3o Jo\u00e3o do Tigre no Cariri Paraibano.<\/p>\n<p>O Cariri em a\u00e7\u00e3o ser\u00e1 transmitido direto da sede da C\u00e2mara Municipal de S\u00e3o Jo\u00e3o do Tigre e ter\u00e1 a participa\u00e7\u00e3o dos prefeitos C\u00e9lio Barbosa (S\u00e3o Jo\u00e3o do Tigre) e Adriano Wolff (S\u00e3o Sebasti\u00e3o do Umbuzeiro), do secret\u00e1rio estadual do Or\u00e7amento Democr\u00e1tico, Givanildo Pereira.<\/p>\n<p>Haver\u00e1 tamb\u00e9m a presen\u00e7a dos conselheiros estaduais das 14 regi\u00f5es geoadministrativa da Para\u00edba que est\u00e3o na regi\u00e3o do Cariri desde esta sexta-feira, dia 27, participando de reuni\u00f5es do OD nas cidades de S\u00e3o Sebasti\u00e3o do Umbuzeiro e S\u00e3o Jo\u00e3o do Tigre.<\/p>\n<p>Al\u00e9m dos ouvintes da 95 FM, os internautas tamb\u00e9m poder\u00e3o acompanhar o programa ao vivo pela p\u00e1gina do Cariri em A\u00e7\u00e3o no Facebook.<\/p>\n<p><strong>CARIRI EM A\u00c7\u00c3O<\/strong><\/p>\n<p>Leia mais not\u00edcias em\u00a0caririemacao.com, siga nossa p\u00e1gina no\u00a0Facebook,\u00a0Instagram\u00a0e\u00a0Youtube\u00a0e veja nossas mat\u00e9rias, v\u00eddeos e fotos. Voc\u00ea tamb\u00e9m pode enviar informa\u00e7\u00f5es \u00e0 Reda\u00e7\u00e3o do Portal Cariri em A\u00e7\u00e3o pelo WhatsApp (83) 9 9634.5791, (83) 9 9601-1162.<\/p>\n","protected":false},"excerpt":{"rendered":"<p>O programa Cariri em A\u00e7\u00e3o veiculado na todos os s\u00e1bados na R\u00e1dio 95 FM, das 08h \u00e0s 9h, ser\u00e1 apresentado neste s\u00e1bado direto da cidade&hellip; <\/p>\n","protected":false},"author":2,"featured_media":49275,"comment_status":"closed","ping_status":"closed","sticky":false,"template":"","format":"standard","meta":{"sfsi_plus_gutenberg_text_before_share":"","sfsi_plus_gutenberg_show_text_before_share":"","sfsi_plus_gutenberg_icon_type":"","sfsi_plus_gutenberg_icon_alignemt":"","sfsi_plus_gutenburg_max_per_row":"","footnotes":""},"categories":[2],"tags":[],"class_list":["post-49274","post","type-post","status-publish","format-standard","has-post-thumbnail","hentry","category-geral"],"_links":{"self":[{"href":"https:\/\/www.caririemacao.com\/1\/wp-json\/wp\/v2\/posts\/49274","targetHints":{"allow":["GET"]}}],"collection":[{"href":"https:\/\/www.caririemacao.com\/1\/wp-json\/wp\/v2\/posts"}],"about":[{"href":"https:\/\/www.caririemacao.com\/1\/wp-json\/wp\/v2\/types\/post"}],"author":[{"embeddable":true,"href":"https:\/\/www.caririemacao.com\/1\/wp-json\/wp\/v2\/users\/2"}],"replies":[{"embeddable":true,"href":"https:\/\/www.caririemacao.com\/1\/wp-json\/wp\/v2\/comments?post=49274"}],"version-history":[{"count":0,"href":"https:\/\/www.caririemacao.com\/1\/wp-json\/wp\/v2\/posts\/49274\/revisions"}],"wp:featuredmedia":[{"embeddable":true,"href":"https:\/\/www.caririemacao.com\/1\/wp-json\/wp\/v2\/media\/49275"}],"wp:attachment":[{"href":"https:\/\/www.caririemacao.com\/1\/wp-json\/wp\/v2\/media?parent=49274"}],"wp:term":[{"taxonomy":"category","embeddable":true,"href":"https:\/\/www.caririemacao.com\/1\/wp-json\/wp\/v2\/categories?post=49274"},{"taxonomy":"post_tag","embeddable":true,"href":"https:\/\/www.caririemacao.com\/1\/wp-json\/wp\/v2\/tags?post=49274"}],"curies":[{"name":"wp","href":"https:\/\/api.w.org\/{rel}","templated":true}]}}