{"id":49277,"date":"2018-04-27T21:23:41","date_gmt":"2018-04-28T00:23:41","guid":{"rendered":"http:\/\/caririemacao.com\/1\/?p=49277"},"modified":"2018-04-27T21:23:41","modified_gmt":"2018-04-28T00:23:41","slug":"partidos-tem-3-dias-para-apresentar-prestacao-de-contas-a-justica-eleitoral","status":"publish","type":"post","link":"https:\/\/www.caririemacao.com\/1\/2018\/04\/27\/partidos-tem-3-dias-para-apresentar-prestacao-de-contas-a-justica-eleitoral\/","title":{"rendered":"Partidos t\u00eam 3 dias para apresentar presta\u00e7\u00e3o de contas \u00e0 Justi\u00e7a Eleitoral"},"content":{"rendered":"<p>Os partidos pol\u00edticos, em todos os n\u00edveis de dire\u00e7\u00e3o (nacional, estadual e municipal) dever\u00e3o apresentar \u00e0 Justi\u00e7a Eleitoral, at\u00e9 a pr\u00f3xima ter\u00e7a-feira (30), suas presta\u00e7\u00f5es de contas anuais referentes ao exerc\u00edcio de 2017, abrangendo toda a movimenta\u00e7\u00e3o de recursos, financeiros ou estim\u00e1veis em dinheiro, utilizando-se do Sistema de Presta\u00e7\u00e3o de Contas Anual \u2013 SPCA e da Escritura\u00e7\u00e3o Cont\u00e1bil Digital \u2013 ECD, encaminhada por meio do Sistema P\u00fablico de Escritura\u00e7\u00e3o Digital \u2013 SPED.<\/p>\n<p>O \u00f3rg\u00e3o partid\u00e1rio omisso ante o dever legal de prestar contas ter\u00e1 os balan\u00e7os\u00a0 julgados n\u00e3o prestados, com posterior suspens\u00e3o da sua anota\u00e7\u00e3o partid\u00e1ria no Tribunal, enquanto perdurar a omiss\u00e3o, al\u00e9m da obrigatoriedade de devolver integralmente todos os recursos do Fundo Partid\u00e1rio que tenha recebido no per\u00edodo.<\/p>\n<p>Os entes partid\u00e1rios que tiverem as contas desaprovadas ser\u00e3o sancionados com a determina\u00e7\u00e3o da devolu\u00e7\u00e3o do valor apontado como irregular, acrescido de multa de at\u00e9 20%, a ser aplicada pela autoridade judicial de forma proporcional e razo\u00e1vel pelo per\u00edodo de um a doze meses, al\u00e9m de serem as contas submetidas ao crivo do Minist\u00e9rio P\u00fablico Eleitoral.<\/p>\n<p><strong>CARIRI EM A\u00c7\u00c3O<\/strong><\/p>\n<p>Com Jornal da Para\u00edba\/Foto: Reprodu\u00e7\u00e3o google<\/p>\n<p>Leia mais not\u00edcias em\u00a0caririemacao.com, siga nossa p\u00e1gina no\u00a0Facebook,\u00a0Instagram\u00a0e\u00a0Youtube\u00a0e veja nossas mat\u00e9rias, v\u00eddeos e fotos. Voc\u00ea tamb\u00e9m pode enviar informa\u00e7\u00f5es \u00e0 Reda\u00e7\u00e3o do Portal Cariri em A\u00e7\u00e3o pelo WhatsApp (83) 9 9634.5791, (83) 9 9601-1162.<\/p>\n","protected":false},"excerpt":{"rendered":"<p>Os partidos pol\u00edticos, em todos os n\u00edveis de dire\u00e7\u00e3o (nacional, estadual e municipal) dever\u00e3o apresentar \u00e0 Justi\u00e7a Eleitoral, at\u00e9 a pr\u00f3xima ter\u00e7a-feira (30), suas presta\u00e7\u00f5es&hellip; <\/p>\n","protected":false},"author":2,"featured_media":47124,"comment_status":"closed","ping_status":"closed","sticky":false,"template":"","format":"standard","meta":{"sfsi_plus_gutenberg_text_before_share":"","sfsi_plus_gutenberg_show_text_before_share":"","sfsi_plus_gutenberg_icon_type":"","sfsi_plus_gutenberg_icon_alignemt":"","sfsi_plus_gutenburg_max_per_row":"","footnotes":""},"categories":[1],"tags":[],"class_list":["post-49277","post","type-post","status-publish","format-standard","has-post-thumbnail","hentry","category-o-site"],"_links":{"self":[{"href":"https:\/\/www.caririemacao.com\/1\/wp-json\/wp\/v2\/posts\/49277","targetHints":{"allow":["GET"]}}],"collection":[{"href":"https:\/\/www.caririemacao.com\/1\/wp-json\/wp\/v2\/posts"}],"about":[{"href":"https:\/\/www.caririemacao.com\/1\/wp-json\/wp\/v2\/types\/post"}],"author":[{"embeddable":true,"href":"https:\/\/www.caririemacao.com\/1\/wp-json\/wp\/v2\/users\/2"}],"replies":[{"embeddable":true,"href":"https:\/\/www.caririemacao.com\/1\/wp-json\/wp\/v2\/comments?post=49277"}],"version-history":[{"count":0,"href":"https:\/\/www.caririemacao.com\/1\/wp-json\/wp\/v2\/posts\/49277\/revisions"}],"wp:featuredmedia":[{"embeddable":true,"href":"https:\/\/www.caririemacao.com\/1\/wp-json\/wp\/v2\/media\/47124"}],"wp:attachment":[{"href":"https:\/\/www.caririemacao.com\/1\/wp-json\/wp\/v2\/media?parent=49277"}],"wp:term":[{"taxonomy":"category","embeddable":true,"href":"https:\/\/www.caririemacao.com\/1\/wp-json\/wp\/v2\/categories?post=49277"},{"taxonomy":"post_tag","embeddable":true,"href":"https:\/\/www.caririemacao.com\/1\/wp-json\/wp\/v2\/tags?post=49277"}],"curies":[{"name":"wp","href":"https:\/\/api.w.org\/{rel}","templated":true}]}}