{"id":49279,"date":"2018-04-27T21:25:26","date_gmt":"2018-04-28T00:25:26","guid":{"rendered":"http:\/\/caririemacao.com\/1\/?p=49279"},"modified":"2018-04-27T21:25:26","modified_gmt":"2018-04-28T00:25:26","slug":"tarifa-de-energia-de-maio-sera-cobrada-na-bandeira-amarela","status":"publish","type":"post","link":"https:\/\/www.caririemacao.com\/1\/2018\/04\/27\/tarifa-de-energia-de-maio-sera-cobrada-na-bandeira-amarela\/","title":{"rendered":"Tarifa de energia de maio ser\u00e1 cobrada na bandeira amarela"},"content":{"rendered":"<p>A tarifa de energia de maio ter\u00e1 o acr\u00e9scimo de R$ 1 a cada 100 kWh consumidos. A Ag\u00eancia Nacional de Energia El\u00e9trica (Aneel) definiu nesta sexta-feira (27) que a bandeira tarif\u00e1ria do pr\u00f3ximo m\u00eas ser\u00e1 amarela em raz\u00e3o do fim do per\u00edodo chuvoso. Nos quatro primeiros meses do ano, vigorou a bandeira verde, em que n\u00e3o h\u00e1 cobran\u00e7a adicional na conta de energia el\u00e9trica.<\/p>\n<p>\u201cCom o fim do per\u00edodo \u00famido e a menor incid\u00eancia de chuvas, os reservat\u00f3rios das hidrel\u00e9tricas do Sudeste, Centro-Oeste e Nordeste est\u00e3o com volumes mais baixos, o que resulta em gradual aumento do risco hidrol\u00f3gico (GSF) e do pre\u00e7o da energia el\u00e9trica de curto prazo (PLD), as duas vari\u00e1veis que determinam a bandeira a ser acionada\u201d, informou a Aneel.<\/p>\n<p>Composto por bandeiras nas cores verde, amarela e vermelha (patamar 1 e 2), o sistema de bandeiras foi criado para sinalizar aos consumidores os custos reais da gera\u00e7\u00e3o de energia el\u00e9trica. A ado\u00e7\u00e3o de cada bandeira est\u00e1 relacionada aos custos da gera\u00e7\u00e3o de energia el\u00e9trica.<\/p>\n<p>Com a ado\u00e7\u00e3o da bandeira amarela, a Aneel aconselha os consumidores a adotar h\u00e1bitos que contribuam para a economia de energia, como tomar banhos mais curtos utilizando o chuveiro el\u00e9trico, n\u00e3o deixar a porta da geladeira aberta e n\u00e3o deixar portas e janelas abertas em ambientes com ar-condicionado, entre outros.<\/p>\n<p><strong>CARIRI EM A\u00c7\u00c3O<\/strong><\/p>\n<p>Com Jornal da Para\u00edba\/Foto: Reprodu\u00e7\u00e3o google<\/p>\n<p>Leia mais not\u00edcias em\u00a0caririemacao.com, siga nossa p\u00e1gina no\u00a0Facebook,\u00a0Instagram\u00a0e\u00a0Youtube\u00a0e veja nossas mat\u00e9rias, v\u00eddeos e fotos. Voc\u00ea tamb\u00e9m pode enviar informa\u00e7\u00f5es \u00e0 Reda\u00e7\u00e3o do Portal Cariri em A\u00e7\u00e3o pelo WhatsApp (83) 9 9634.5791, (83) 9 9601-1162.<\/p>\n","protected":false},"excerpt":{"rendered":"<p>A tarifa de energia de maio ter\u00e1 o acr\u00e9scimo de R$ 1 a cada 100 kWh consumidos. A Ag\u00eancia Nacional de Energia El\u00e9trica (Aneel) definiu&hellip; <\/p>\n","protected":false},"author":2,"featured_media":40517,"comment_status":"closed","ping_status":"closed","sticky":false,"template":"","format":"standard","meta":{"sfsi_plus_gutenberg_text_before_share":"","sfsi_plus_gutenberg_show_text_before_share":"","sfsi_plus_gutenberg_icon_type":"","sfsi_plus_gutenberg_icon_alignemt":"","sfsi_plus_gutenburg_max_per_row":"","footnotes":""},"categories":[2],"tags":[],"class_list":["post-49279","post","type-post","status-publish","format-standard","has-post-thumbnail","hentry","category-geral"],"_links":{"self":[{"href":"https:\/\/www.caririemacao.com\/1\/wp-json\/wp\/v2\/posts\/49279","targetHints":{"allow":["GET"]}}],"collection":[{"href":"https:\/\/www.caririemacao.com\/1\/wp-json\/wp\/v2\/posts"}],"about":[{"href":"https:\/\/www.caririemacao.com\/1\/wp-json\/wp\/v2\/types\/post"}],"author":[{"embeddable":true,"href":"https:\/\/www.caririemacao.com\/1\/wp-json\/wp\/v2\/users\/2"}],"replies":[{"embeddable":true,"href":"https:\/\/www.caririemacao.com\/1\/wp-json\/wp\/v2\/comments?post=49279"}],"version-history":[{"count":0,"href":"https:\/\/www.caririemacao.com\/1\/wp-json\/wp\/v2\/posts\/49279\/revisions"}],"wp:featuredmedia":[{"embeddable":true,"href":"https:\/\/www.caririemacao.com\/1\/wp-json\/wp\/v2\/media\/40517"}],"wp:attachment":[{"href":"https:\/\/www.caririemacao.com\/1\/wp-json\/wp\/v2\/media?parent=49279"}],"wp:term":[{"taxonomy":"category","embeddable":true,"href":"https:\/\/www.caririemacao.com\/1\/wp-json\/wp\/v2\/categories?post=49279"},{"taxonomy":"post_tag","embeddable":true,"href":"https:\/\/www.caririemacao.com\/1\/wp-json\/wp\/v2\/tags?post=49279"}],"curies":[{"name":"wp","href":"https:\/\/api.w.org\/{rel}","templated":true}]}}