{"id":49284,"date":"2018-04-27T21:30:09","date_gmt":"2018-04-28T00:30:09","guid":{"rendered":"http:\/\/caririemacao.com\/1\/?p=49284"},"modified":"2018-04-27T21:30:09","modified_gmt":"2018-04-28T00:30:09","slug":"moro-dispensa-filho-de-lula-de-prestar-depoimento-como-testemunha","status":"publish","type":"post","link":"https:\/\/www.caririemacao.com\/1\/2018\/04\/27\/moro-dispensa-filho-de-lula-de-prestar-depoimento-como-testemunha\/","title":{"rendered":"Moro dispensa filho de Lula de prestar depoimento como testemunha"},"content":{"rendered":"<p>O juiz federal S\u00e9rgio Moro aceitou hoje (27) pedido feito por um dos filhos do ex-presidente Luiz In\u00e1cio Lula da Silva, F\u00e1bio Lu\u00eds Lula da Silva, para ser dispensado de prestar depoimento na a\u00e7\u00e3o penal que trata dos supostos pagamentos de vantagens indevidas na reforma de um s\u00edtio frequentado pela fam\u00edlia de Lula em Atibaia (SP).<\/p>\n<p>F\u00e1bio foi arrolado como testemunha de defesa do empres\u00e1rio Fernando Bittar, propriet\u00e1rio do s\u00edtio. De acordo com o C\u00f3digo de Processo Penal (CPP), o depoimento de parentes de r\u00e9us pode<br \/>\nser dispensado.<\/p>\n<p>Lula est\u00e1 preso desde o \u00faltimo s\u00e1bado (7), na sede da Pol\u00edcia Federal em Curitiba, devido a outro processo, o do tr\u00edplex do Guaruj\u00e1 (SP). Ele cumpre pena de 12 anos e um m\u00eas de pris\u00e3o, a que foi condenado pelo Tribunal Federal de Recursos da 4\u00aa Reg\u00e3o (TRF4), por corrup\u00e7\u00e3o e lavagem de dinheiro.<\/p>\n<p><strong>CARIRI EM A\u00c7\u00c3O<\/strong><\/p>\n<p>Com Ag\u00eancia Brasil\/Foto: Reprodu\u00e7\u00e3o google<\/p>\n<p>Leia mais not\u00edcias em\u00a0caririemacao.com, siga nossa p\u00e1gina no\u00a0Facebook,\u00a0Instagram\u00a0e\u00a0Youtube\u00a0e veja nossas mat\u00e9rias, v\u00eddeos e fotos. Voc\u00ea tamb\u00e9m pode enviar informa\u00e7\u00f5es \u00e0 Reda\u00e7\u00e3o do Portal Cariri em A\u00e7\u00e3o pelo WhatsApp (83) 9 9634.5791, (83) 9 9601-1162.<\/p>\n","protected":false},"excerpt":{"rendered":"<p>O juiz federal S\u00e9rgio Moro aceitou hoje (27) pedido feito por um dos filhos do ex-presidente Luiz In\u00e1cio Lula da Silva, F\u00e1bio Lu\u00eds Lula da&hellip; <\/p>\n","protected":false},"author":2,"featured_media":7830,"comment_status":"closed","ping_status":"closed","sticky":false,"template":"","format":"standard","meta":{"sfsi_plus_gutenberg_text_before_share":"","sfsi_plus_gutenberg_show_text_before_share":"","sfsi_plus_gutenberg_icon_type":"","sfsi_plus_gutenberg_icon_alignemt":"","sfsi_plus_gutenburg_max_per_row":"","footnotes":""},"categories":[11],"tags":[],"class_list":["post-49284","post","type-post","status-publish","format-standard","has-post-thumbnail","hentry","category-politica"],"_links":{"self":[{"href":"https:\/\/www.caririemacao.com\/1\/wp-json\/wp\/v2\/posts\/49284","targetHints":{"allow":["GET"]}}],"collection":[{"href":"https:\/\/www.caririemacao.com\/1\/wp-json\/wp\/v2\/posts"}],"about":[{"href":"https:\/\/www.caririemacao.com\/1\/wp-json\/wp\/v2\/types\/post"}],"author":[{"embeddable":true,"href":"https:\/\/www.caririemacao.com\/1\/wp-json\/wp\/v2\/users\/2"}],"replies":[{"embeddable":true,"href":"https:\/\/www.caririemacao.com\/1\/wp-json\/wp\/v2\/comments?post=49284"}],"version-history":[{"count":0,"href":"https:\/\/www.caririemacao.com\/1\/wp-json\/wp\/v2\/posts\/49284\/revisions"}],"wp:featuredmedia":[{"embeddable":true,"href":"https:\/\/www.caririemacao.com\/1\/wp-json\/wp\/v2\/media\/7830"}],"wp:attachment":[{"href":"https:\/\/www.caririemacao.com\/1\/wp-json\/wp\/v2\/media?parent=49284"}],"wp:term":[{"taxonomy":"category","embeddable":true,"href":"https:\/\/www.caririemacao.com\/1\/wp-json\/wp\/v2\/categories?post=49284"},{"taxonomy":"post_tag","embeddable":true,"href":"https:\/\/www.caririemacao.com\/1\/wp-json\/wp\/v2\/tags?post=49284"}],"curies":[{"name":"wp","href":"https:\/\/api.w.org\/{rel}","templated":true}]}}