{"id":49286,"date":"2018-04-27T21:34:33","date_gmt":"2018-04-28T00:34:33","guid":{"rendered":"http:\/\/caririemacao.com\/1\/?p=49286"},"modified":"2018-04-27T21:35:11","modified_gmt":"2018-04-28T00:35:11","slug":"ricardo-comenta-futuro-e-diz-que-continuara-fazendo-politica","status":"publish","type":"post","link":"https:\/\/www.caririemacao.com\/1\/2018\/04\/27\/ricardo-comenta-futuro-e-diz-que-continuara-fazendo-politica\/","title":{"rendered":"Ricardo comenta futuro e diz que continuar\u00e1 fazendo pol\u00edtica"},"content":{"rendered":"<p>O governador Ricardo Coutinho (PSB) comentou sobre o seu futuro pol\u00edtico ap\u00f3s o fim do mandato, que encerra-se em 31 de dezembro. Segundo o governador, ele est\u00e1 tranquilo pois tem muito a oferecer \u00e0 Para\u00edba at\u00e9 o fim do ano, mas continuar\u00e1 fazendo pol\u00edtica.<\/p>\n<p>\u201cVou continuar fazendo pol\u00edtica onde me couber, dei minha contribui\u00e7\u00e3o e continuo a dar a esse Estado e a pol\u00edtica e estou muito feliz e tranquilo. Meu projeto \u00e9 at\u00e9 31 de dezembro cheio de coisa para fazer, feliz com essas coisas todas, com a capacidade que a Para\u00edba est\u00e1 tendo, de servir mais ao povo paraibano\u201d, disse.<\/p>\n<p>Ele ainda alfinetou membros da oposi\u00e7\u00e3o que, segundo Ricardo, tem medo de ficar sem mandato.<\/p>\n<p>\u201cA minha l\u00f3gica \u00e9 essa, para algumas pessoas que se agarram, tem gente que se perder o mandato tem um enfarto. Vai ficar comendo grama, porque foi a vida toda sugando\u201d, disse.<\/p>\n<p><strong>CARIRI EM A\u00c7\u00c3O<\/strong><\/p>\n<p>Com Wscom<\/p>\n<p>Leia mais not\u00edcias em\u00a0caririemacao.com, siga nossa p\u00e1gina no\u00a0Facebook,\u00a0Instagram\u00a0e\u00a0Youtube\u00a0e veja nossas mat\u00e9rias, v\u00eddeos e fotos. Voc\u00ea tamb\u00e9m pode enviar informa\u00e7\u00f5es \u00e0 Reda\u00e7\u00e3o do Portal Cariri em A\u00e7\u00e3o pelo WhatsApp (83) 9 9634.5791, (83) 9 9601-1162.<\/p>\n","protected":false},"excerpt":{"rendered":"<p>O governador Ricardo Coutinho (PSB) comentou sobre o seu futuro pol\u00edtico ap\u00f3s o fim do mandato, que encerra-se em 31 de dezembro. Segundo o governador,&hellip; <\/p>\n","protected":false},"author":2,"featured_media":43797,"comment_status":"closed","ping_status":"closed","sticky":false,"template":"","format":"standard","meta":{"sfsi_plus_gutenberg_text_before_share":"","sfsi_plus_gutenberg_show_text_before_share":"","sfsi_plus_gutenberg_icon_type":"","sfsi_plus_gutenberg_icon_alignemt":"","sfsi_plus_gutenburg_max_per_row":"","footnotes":""},"categories":[11],"tags":[],"class_list":["post-49286","post","type-post","status-publish","format-standard","has-post-thumbnail","hentry","category-politica"],"_links":{"self":[{"href":"https:\/\/www.caririemacao.com\/1\/wp-json\/wp\/v2\/posts\/49286","targetHints":{"allow":["GET"]}}],"collection":[{"href":"https:\/\/www.caririemacao.com\/1\/wp-json\/wp\/v2\/posts"}],"about":[{"href":"https:\/\/www.caririemacao.com\/1\/wp-json\/wp\/v2\/types\/post"}],"author":[{"embeddable":true,"href":"https:\/\/www.caririemacao.com\/1\/wp-json\/wp\/v2\/users\/2"}],"replies":[{"embeddable":true,"href":"https:\/\/www.caririemacao.com\/1\/wp-json\/wp\/v2\/comments?post=49286"}],"version-history":[{"count":0,"href":"https:\/\/www.caririemacao.com\/1\/wp-json\/wp\/v2\/posts\/49286\/revisions"}],"wp:featuredmedia":[{"embeddable":true,"href":"https:\/\/www.caririemacao.com\/1\/wp-json\/wp\/v2\/media\/43797"}],"wp:attachment":[{"href":"https:\/\/www.caririemacao.com\/1\/wp-json\/wp\/v2\/media?parent=49286"}],"wp:term":[{"taxonomy":"category","embeddable":true,"href":"https:\/\/www.caririemacao.com\/1\/wp-json\/wp\/v2\/categories?post=49286"},{"taxonomy":"post_tag","embeddable":true,"href":"https:\/\/www.caririemacao.com\/1\/wp-json\/wp\/v2\/tags?post=49286"}],"curies":[{"name":"wp","href":"https:\/\/api.w.org\/{rel}","templated":true}]}}