{"id":49288,"date":"2018-04-27T21:41:57","date_gmt":"2018-04-28T00:41:57","guid":{"rendered":"http:\/\/caririemacao.com\/1\/?p=49288"},"modified":"2018-04-27T21:41:58","modified_gmt":"2018-04-28T00:41:58","slug":"mulheres-sao-presas-com-espingarda-escondida-em-guarda-roupas","status":"publish","type":"post","link":"https:\/\/www.caririemacao.com\/1\/2018\/04\/27\/mulheres-sao-presas-com-espingarda-escondida-em-guarda-roupas\/","title":{"rendered":"Mulheres s\u00e3o presas com espingarda escondida em guarda roupas"},"content":{"rendered":"<p>Uma a\u00e7\u00e3o conjunta das policias Civil e Militar de S\u00e3o Jos\u00e9 de Piranhas, realiza\u00e7\u00e3o uma a\u00e7\u00e3o conjunta na tarde desta sexta-feira, 28, onde conseguiram prender duas mulheres e apreender uma espingarda Cal 16, oito cartuchos do mesmo calibre, sete cartuchos calibre 380 e um carregador de 7,65.<\/p>\n<p>De acordo com informa\u00e7\u00f5es policiais, o material estava escondido em um guarda roupas na resid\u00eancia de uma jovem de 26 anos de idade, localizada no Conjunto Tot\u00f3 Moraes, a qual informou que os objetos pertenciam a outra jovem de 22 anos de idade, que foi localizada em seguida no bairro S\u00e3o Sebasti\u00e3o, sa\u00edda para Piranhas Velha, onde recebeu voz de pris\u00e3o.<\/p>\n<p>As acusadas foram conduzidas para Delegacia de Pol\u00edcia Civil de S\u00e3o Jos\u00e9 de Piranhas para as provid\u00eancias legais juntamente com todo material apreendido.<\/p>\n<p><strong>CARIRI EM A\u00c7\u00c3O<\/strong><\/p>\n<p>Com Wscom\/Foto: Reprodu\u00e7\u00e3o google<\/p>\n<p>Leia mais not\u00edcias em\u00a0caririemacao.com, siga nossa p\u00e1gina no\u00a0Facebook,\u00a0Instagram\u00a0e\u00a0Youtube\u00a0e veja nossas mat\u00e9rias, v\u00eddeos e fotos. Voc\u00ea tamb\u00e9m pode enviar informa\u00e7\u00f5es \u00e0 Reda\u00e7\u00e3o do Portal Cariri em A\u00e7\u00e3o pelo WhatsApp (83) 9 9634.5791, (83) 9 9601-1162.<\/p>\n","protected":false},"excerpt":{"rendered":"<p>Uma a\u00e7\u00e3o conjunta das policias Civil e Militar de S\u00e3o Jos\u00e9 de Piranhas, realiza\u00e7\u00e3o uma a\u00e7\u00e3o conjunta na tarde desta sexta-feira, 28, onde conseguiram prender&hellip; <\/p>\n","protected":false},"author":2,"featured_media":49289,"comment_status":"closed","ping_status":"closed","sticky":false,"template":"","format":"standard","meta":{"sfsi_plus_gutenberg_text_before_share":"","sfsi_plus_gutenberg_show_text_before_share":"","sfsi_plus_gutenberg_icon_type":"","sfsi_plus_gutenberg_icon_alignemt":"","sfsi_plus_gutenburg_max_per_row":"","footnotes":""},"categories":[12],"tags":[],"class_list":["post-49288","post","type-post","status-publish","format-standard","has-post-thumbnail","hentry","category-policia"],"_links":{"self":[{"href":"https:\/\/www.caririemacao.com\/1\/wp-json\/wp\/v2\/posts\/49288","targetHints":{"allow":["GET"]}}],"collection":[{"href":"https:\/\/www.caririemacao.com\/1\/wp-json\/wp\/v2\/posts"}],"about":[{"href":"https:\/\/www.caririemacao.com\/1\/wp-json\/wp\/v2\/types\/post"}],"author":[{"embeddable":true,"href":"https:\/\/www.caririemacao.com\/1\/wp-json\/wp\/v2\/users\/2"}],"replies":[{"embeddable":true,"href":"https:\/\/www.caririemacao.com\/1\/wp-json\/wp\/v2\/comments?post=49288"}],"version-history":[{"count":0,"href":"https:\/\/www.caririemacao.com\/1\/wp-json\/wp\/v2\/posts\/49288\/revisions"}],"wp:featuredmedia":[{"embeddable":true,"href":"https:\/\/www.caririemacao.com\/1\/wp-json\/wp\/v2\/media\/49289"}],"wp:attachment":[{"href":"https:\/\/www.caririemacao.com\/1\/wp-json\/wp\/v2\/media?parent=49288"}],"wp:term":[{"taxonomy":"category","embeddable":true,"href":"https:\/\/www.caririemacao.com\/1\/wp-json\/wp\/v2\/categories?post=49288"},{"taxonomy":"post_tag","embeddable":true,"href":"https:\/\/www.caririemacao.com\/1\/wp-json\/wp\/v2\/tags?post=49288"}],"curies":[{"name":"wp","href":"https:\/\/api.w.org\/{rel}","templated":true}]}}