{"id":49292,"date":"2018-04-27T21:45:40","date_gmt":"2018-04-28T00:45:40","guid":{"rendered":"http:\/\/caririemacao.com\/1\/?p=49292"},"modified":"2018-04-27T21:45:40","modified_gmt":"2018-04-28T00:45:40","slug":"temer-anunciara-reajuste-do-bolsa-familia","status":"publish","type":"post","link":"https:\/\/www.caririemacao.com\/1\/2018\/04\/27\/temer-anunciara-reajuste-do-bolsa-familia\/","title":{"rendered":"Temer anunciar\u00e1 reajuste do Bolsa Fam\u00edlia"},"content":{"rendered":"<p>O reajuste do benef\u00edcio pago pelo Programa Bolsa Fam\u00edlia ser\u00e1 anunciado na tarde hoje (27), segundo o presidente Michel Temer. H\u00e1 meses existe uma expectativa em rela\u00e7\u00e3o ao aumento dos valores do benef\u00edcio. Temer disse que o percentual do reajuste ainda est\u00e1 sendo definido.<\/p>\n<p>As declara\u00e7\u00f5es foram feitas pelo presidente ao falar com jornalistas ap\u00f3s almo\u00e7o em homenagem ao presidente do Chile, Sebasti\u00e1n Pi\u00f1era, no Minist\u00e9rio de Rela\u00e7\u00f5es Exteriores. \u201cVou anunciar o aumento hoje a tarde\u201d, disse.<\/p>\n<p>No m\u00eas passado,\u00a0Temer adiantou\u00a0que haveria reajuste e disse que n\u00e3o pretende acabar com o programa, mas garantir a evolu\u00e7\u00e3o at\u00e9 uma substitui\u00e7\u00e3o por outro que foque na gera\u00e7\u00e3o de empregos aos filhos dos benefici\u00e1rios do Bolsa Fam\u00edlia.<\/p>\n<p>Ao tomar posse, no in\u00edcio de abril, o ministro do Desenvolvimento Social,\u00a0Alberto Beltrame, informou que o governo discutia um reajuste maior do que a infla\u00e7\u00e3o medida pelo \u00cdndice de Pre\u00e7os ao Consumidor Amplo (IPCA), que \u00e9 de 2,95%. Em 2016, Temer reajustou o Bolsa Fam\u00edlia em 12,5%.<\/p>\n<p><strong>CARIRI EM A\u00c7\u00c3O<\/strong><\/p>\n<p>Com Ag\u00eancia Brasil\/Foto: Reprodu\u00e7\u00e3o google<\/p>\n<p>Leia mais not\u00edcias em\u00a0caririemacao.com, siga nossa p\u00e1gina no\u00a0Facebook,\u00a0Instagram\u00a0e\u00a0Youtube\u00a0e veja nossas mat\u00e9rias, v\u00eddeos e fotos. Voc\u00ea tamb\u00e9m pode enviar informa\u00e7\u00f5es \u00e0 Reda\u00e7\u00e3o do Portal Cariri em A\u00e7\u00e3o pelo WhatsApp (83) 9 9634.5791, (83) 9 9601-1162.<\/p>\n","protected":false},"excerpt":{"rendered":"<p>O reajuste do benef\u00edcio pago pelo Programa Bolsa Fam\u00edlia ser\u00e1 anunciado na tarde hoje (27), segundo o presidente Michel Temer. H\u00e1 meses existe uma expectativa&hellip; <\/p>\n","protected":false},"author":2,"featured_media":14039,"comment_status":"closed","ping_status":"closed","sticky":false,"template":"","format":"standard","meta":{"sfsi_plus_gutenberg_text_before_share":"","sfsi_plus_gutenberg_show_text_before_share":"","sfsi_plus_gutenberg_icon_type":"","sfsi_plus_gutenberg_icon_alignemt":"","sfsi_plus_gutenburg_max_per_row":"","footnotes":""},"categories":[2],"tags":[],"class_list":["post-49292","post","type-post","status-publish","format-standard","has-post-thumbnail","hentry","category-geral"],"_links":{"self":[{"href":"https:\/\/www.caririemacao.com\/1\/wp-json\/wp\/v2\/posts\/49292","targetHints":{"allow":["GET"]}}],"collection":[{"href":"https:\/\/www.caririemacao.com\/1\/wp-json\/wp\/v2\/posts"}],"about":[{"href":"https:\/\/www.caririemacao.com\/1\/wp-json\/wp\/v2\/types\/post"}],"author":[{"embeddable":true,"href":"https:\/\/www.caririemacao.com\/1\/wp-json\/wp\/v2\/users\/2"}],"replies":[{"embeddable":true,"href":"https:\/\/www.caririemacao.com\/1\/wp-json\/wp\/v2\/comments?post=49292"}],"version-history":[{"count":0,"href":"https:\/\/www.caririemacao.com\/1\/wp-json\/wp\/v2\/posts\/49292\/revisions"}],"wp:featuredmedia":[{"embeddable":true,"href":"https:\/\/www.caririemacao.com\/1\/wp-json\/wp\/v2\/media\/14039"}],"wp:attachment":[{"href":"https:\/\/www.caririemacao.com\/1\/wp-json\/wp\/v2\/media?parent=49292"}],"wp:term":[{"taxonomy":"category","embeddable":true,"href":"https:\/\/www.caririemacao.com\/1\/wp-json\/wp\/v2\/categories?post=49292"},{"taxonomy":"post_tag","embeddable":true,"href":"https:\/\/www.caririemacao.com\/1\/wp-json\/wp\/v2\/tags?post=49292"}],"curies":[{"name":"wp","href":"https:\/\/api.w.org\/{rel}","templated":true}]}}