{"id":49294,"date":"2018-04-27T21:50:54","date_gmt":"2018-04-28T00:50:54","guid":{"rendered":"http:\/\/caririemacao.com\/1\/?p=49294"},"modified":"2018-04-27T21:50:54","modified_gmt":"2018-04-28T00:50:54","slug":"homem-comete-suicidio-por-enforcamento-em-monteiro","status":"publish","type":"post","link":"https:\/\/www.caririemacao.com\/1\/2018\/04\/27\/homem-comete-suicidio-por-enforcamento-em-monteiro\/","title":{"rendered":"Homem comete suic\u00eddio por enforcamento em Monteiro"},"content":{"rendered":"<p>Um homem mais conhecido por Ed\u00edlson de 37 anos de idade, cometeu suicido em uma residencia na rua Jo\u00e3o Jos\u00e9 Sobrinho por traz do deposito de g\u00e1s de Henrique em Monteiro. no inicio da tarde desta sexta-feira (27), a policia civil e a policia militar estar no local.<\/p>\n<p>Ainda n\u00e3o se sabe o motivo.<\/p>\n<p><a href=\"http:\/\/caririemacao.com\/1\/?attachment_id=49296\" rel=\"attachment wp-att-49296\"><img fetchpriority=\"high\" decoding=\"async\" class=\"aligncenter size-full wp-image-49296\" src=\"http:\/\/caririemacao.com\/1\/wp-content\/uploads\/2018\/04\/PM_800x500-800x445.jpg\" alt=\"\" width=\"800\" height=\"445\" srcset=\"https:\/\/www.caririemacao.com\/1\/wp-content\/uploads\/2018\/04\/PM_800x500-800x445.jpg 800w, https:\/\/www.caririemacao.com\/1\/wp-content\/uploads\/2018\/04\/PM_800x500-800x445-300x167.jpg 300w, https:\/\/www.caririemacao.com\/1\/wp-content\/uploads\/2018\/04\/PM_800x500-800x445-768x427.jpg 768w\" sizes=\"(max-width: 800px) 100vw, 800px\" \/><\/a> <a href=\"http:\/\/caririemacao.com\/1\/?attachment_id=49297\" rel=\"attachment wp-att-49297\"><img decoding=\"async\" class=\"aligncenter size-full wp-image-49297 lazyload\" data-src=\"http:\/\/caririemacao.com\/1\/wp-content\/uploads\/2018\/04\/PM-2-1.jpg\" alt=\"\" width=\"960\" height=\"720\" data-srcset=\"https:\/\/www.caririemacao.com\/1\/wp-content\/uploads\/2018\/04\/PM-2-1.jpg 960w, https:\/\/www.caririemacao.com\/1\/wp-content\/uploads\/2018\/04\/PM-2-1-300x225.jpg 300w, https:\/\/www.caririemacao.com\/1\/wp-content\/uploads\/2018\/04\/PM-2-1-768x576.jpg 768w\" data-sizes=\"(max-width: 960px) 100vw, 960px\" src=\"data:image\/svg+xml;base64,PHN2ZyB3aWR0aD0iMSIgaGVpZ2h0PSIxIiB4bWxucz0iaHR0cDovL3d3dy53My5vcmcvMjAwMC9zdmciPjwvc3ZnPg==\" style=\"--smush-placeholder-width: 960px; --smush-placeholder-aspect-ratio: 960\/720;\" \/><\/a><\/p>\n<p><strong>CARIRI EM A\u00c7\u00c3O<\/strong><\/p>\n<p>Com Hora1PB\/Foto:\u00a0HoraA1PB<\/p>\n<p>Leia mais not\u00edcias em\u00a0caririemacao.com, siga nossa p\u00e1gina no\u00a0Facebook,\u00a0Instagram\u00a0e\u00a0Youtube\u00a0e veja nossas mat\u00e9rias, v\u00eddeos e fotos. Voc\u00ea tamb\u00e9m pode enviar informa\u00e7\u00f5es \u00e0 Reda\u00e7\u00e3o do Portal Cariri em A\u00e7\u00e3o pelo WhatsApp (83) 9 9634.5791, (83) 9 9601-1162.<\/p>\n","protected":false},"excerpt":{"rendered":"<p>Um homem mais conhecido por Ed\u00edlson de 37 anos de idade, cometeu suicido em uma residencia na rua Jo\u00e3o Jos\u00e9 Sobrinho por traz do deposito&hellip; <\/p>\n","protected":false},"author":2,"featured_media":49295,"comment_status":"closed","ping_status":"closed","sticky":false,"template":"","format":"standard","meta":{"sfsi_plus_gutenberg_text_before_share":"","sfsi_plus_gutenberg_show_text_before_share":"","sfsi_plus_gutenberg_icon_type":"","sfsi_plus_gutenberg_icon_alignemt":"","sfsi_plus_gutenburg_max_per_row":"","footnotes":""},"categories":[12],"tags":[],"class_list":["post-49294","post","type-post","status-publish","format-standard","has-post-thumbnail","hentry","category-policia"],"_links":{"self":[{"href":"https:\/\/www.caririemacao.com\/1\/wp-json\/wp\/v2\/posts\/49294","targetHints":{"allow":["GET"]}}],"collection":[{"href":"https:\/\/www.caririemacao.com\/1\/wp-json\/wp\/v2\/posts"}],"about":[{"href":"https:\/\/www.caririemacao.com\/1\/wp-json\/wp\/v2\/types\/post"}],"author":[{"embeddable":true,"href":"https:\/\/www.caririemacao.com\/1\/wp-json\/wp\/v2\/users\/2"}],"replies":[{"embeddable":true,"href":"https:\/\/www.caririemacao.com\/1\/wp-json\/wp\/v2\/comments?post=49294"}],"version-history":[{"count":0,"href":"https:\/\/www.caririemacao.com\/1\/wp-json\/wp\/v2\/posts\/49294\/revisions"}],"wp:featuredmedia":[{"embeddable":true,"href":"https:\/\/www.caririemacao.com\/1\/wp-json\/wp\/v2\/media\/49295"}],"wp:attachment":[{"href":"https:\/\/www.caririemacao.com\/1\/wp-json\/wp\/v2\/media?parent=49294"}],"wp:term":[{"taxonomy":"category","embeddable":true,"href":"https:\/\/www.caririemacao.com\/1\/wp-json\/wp\/v2\/categories?post=49294"},{"taxonomy":"post_tag","embeddable":true,"href":"https:\/\/www.caririemacao.com\/1\/wp-json\/wp\/v2\/tags?post=49294"}],"curies":[{"name":"wp","href":"https:\/\/api.w.org\/{rel}","templated":true}]}}