{"id":49305,"date":"2018-04-27T22:11:00","date_gmt":"2018-04-28T01:11:00","guid":{"rendered":"http:\/\/caririemacao.com\/1\/?p=49305"},"modified":"2018-04-27T22:11:00","modified_gmt":"2018-04-28T01:11:00","slug":"temer-assina-decreto-que-prorroga-programa-luz-para-todos","status":"publish","type":"post","link":"https:\/\/www.caririemacao.com\/1\/2018\/04\/27\/temer-assina-decreto-que-prorroga-programa-luz-para-todos\/","title":{"rendered":"Temer assina decreto que prorroga programa Luz Para Todos"},"content":{"rendered":"<p>O presidente Michel Temer assinou nesta sexta-feira (27) o decreto que prorroga o programa Luz Para Todos at\u00e9 dezembro de 2022. Lan\u00e7ado em 2003, o programa tem como objetivo levar energia el\u00e9trica para as popula\u00e7\u00f5es sem acesso \u00e0 energia el\u00e9trica, em diferentes regi\u00f5es do pa\u00eds. O decreto ser\u00e1 publicado no Di\u00e1rio Oficial da pr\u00f3xima segunda-feira (30).<\/p>\n<p>A prorroga\u00e7\u00e3o por mais quatro anos, segundo o Minist\u00e9rio de Minas e Energia (MME), possibilita a conclus\u00e3o das obras e dos contratos em andamento. De acordo com a pasta, com a nova data, a universaliza\u00e7\u00e3o plena do acesso \u00e0 energia el\u00e9trica no pa\u00eds deve alcan\u00e7ar mais de 2 milh\u00f5es de brasileiros no meio rural.<\/p>\n<p>O programa \u00e9 coordenado pelo minist\u00e9rio e executado pela Eletrobras e pelas concession\u00e1rias de energia el\u00e9trica e cooperativas de eletrifica\u00e7\u00e3o rural, em parceria com os governos estaduais.<\/p>\n<p>O programa atende especialmente o Norte e Nordeste e \u00e0s popula\u00e7\u00f5es que vivem em regi\u00f5es isoladas, entre elas, as comunidades quilombolas e ind\u00edgenas, os assentamentos, ribeirinhos, pequenos agricultores e as fam\u00edlias em reservas extrativistas. At\u00e9 dezembro de 2017, mais de 16 milh\u00f5es de pessoas foram beneficiadas com o programa.<\/p>\n<p><strong>CARIRI EM A\u00c7\u00c3O<\/strong><\/p>\n<p>Com Portal Correio\/Foto: Reprodu\u00e7\u00e3o google<\/p>\n<p>Leia mais not\u00edcias em\u00a0caririemacao.com, siga nossa p\u00e1gina no\u00a0Facebook,\u00a0Instagram\u00a0e\u00a0Youtube\u00a0e veja nossas mat\u00e9rias, v\u00eddeos e fotos. Voc\u00ea tamb\u00e9m pode enviar informa\u00e7\u00f5es \u00e0 Reda\u00e7\u00e3o do Portal Cariri em A\u00e7\u00e3o pelo WhatsApp (83) 9 9634.5791, (83) 9 9601-1162.<\/p>\n<div class=\"td-a-rec td-a-rec-id-content_bottom  td_uid_1_5ae3b6f922a1b_rand td_block_template_1\"><\/div>\n","protected":false},"excerpt":{"rendered":"<p>O presidente Michel Temer assinou nesta sexta-feira (27) o decreto que prorroga o programa Luz Para Todos at\u00e9 dezembro de 2022. Lan\u00e7ado em 2003, o&hellip; <\/p>\n","protected":false},"author":2,"featured_media":49306,"comment_status":"closed","ping_status":"closed","sticky":false,"template":"","format":"standard","meta":{"sfsi_plus_gutenberg_text_before_share":"","sfsi_plus_gutenberg_show_text_before_share":"","sfsi_plus_gutenberg_icon_type":"","sfsi_plus_gutenberg_icon_alignemt":"","sfsi_plus_gutenburg_max_per_row":"","footnotes":""},"categories":[2],"tags":[],"class_list":["post-49305","post","type-post","status-publish","format-standard","has-post-thumbnail","hentry","category-geral"],"_links":{"self":[{"href":"https:\/\/www.caririemacao.com\/1\/wp-json\/wp\/v2\/posts\/49305","targetHints":{"allow":["GET"]}}],"collection":[{"href":"https:\/\/www.caririemacao.com\/1\/wp-json\/wp\/v2\/posts"}],"about":[{"href":"https:\/\/www.caririemacao.com\/1\/wp-json\/wp\/v2\/types\/post"}],"author":[{"embeddable":true,"href":"https:\/\/www.caririemacao.com\/1\/wp-json\/wp\/v2\/users\/2"}],"replies":[{"embeddable":true,"href":"https:\/\/www.caririemacao.com\/1\/wp-json\/wp\/v2\/comments?post=49305"}],"version-history":[{"count":0,"href":"https:\/\/www.caririemacao.com\/1\/wp-json\/wp\/v2\/posts\/49305\/revisions"}],"wp:featuredmedia":[{"embeddable":true,"href":"https:\/\/www.caririemacao.com\/1\/wp-json\/wp\/v2\/media\/49306"}],"wp:attachment":[{"href":"https:\/\/www.caririemacao.com\/1\/wp-json\/wp\/v2\/media?parent=49305"}],"wp:term":[{"taxonomy":"category","embeddable":true,"href":"https:\/\/www.caririemacao.com\/1\/wp-json\/wp\/v2\/categories?post=49305"},{"taxonomy":"post_tag","embeddable":true,"href":"https:\/\/www.caririemacao.com\/1\/wp-json\/wp\/v2\/tags?post=49305"}],"curies":[{"name":"wp","href":"https:\/\/api.w.org\/{rel}","templated":true}]}}