{"id":49308,"date":"2018-04-27T22:12:27","date_gmt":"2018-04-28T01:12:27","guid":{"rendered":"http:\/\/caririemacao.com\/1\/?p=49308"},"modified":"2018-04-27T22:12:27","modified_gmt":"2018-04-28T01:12:27","slug":"a-tres-dias-do-fim-do-prazo-81-mil-ainda-nao-declararam-ir-na-paraiba","status":"publish","type":"post","link":"https:\/\/www.caririemacao.com\/1\/2018\/04\/27\/a-tres-dias-do-fim-do-prazo-81-mil-ainda-nao-declararam-ir-na-paraiba\/","title":{"rendered":"A tr\u00eas dias do fim do prazo, 81 mil ainda n\u00e3o declararam IR na Para\u00edba"},"content":{"rendered":"<p>A apenas tr\u00eas dias do fim do prazo para declara\u00e7\u00e3o do Imposto de Renda, 71.714 contribuintes na Para\u00edba ainda n\u00e3o realizaram o procedimento, de acordo com o boletim mais recente da Receita Federal, emitido no fim da tarde desta sexta-feira (27).<\/p>\n<p>De acordo com o \u00f3rg\u00e3o, 223.286 pessoas prestaram contas, mas o esperado \u00e9 o recebimento de 295.000. O prazo final \u00e9 23h59 de segunda (30).<\/p>\n<p>A libera\u00e7\u00e3o do programa do Declara\u00e7\u00e3o de Ajuste Anual do Imposto de Renda Pessoa F\u00edsica aconteceu em 1\u00ba de mar\u00e7o. O contribuinte que tiver d\u00favidas na hora de fazer sua Declara\u00e7\u00e3o do Imposto de Renda pode recorrer ao\u00a0Perguntas e Respostas 2018, disponibilizado no site da Receita Federal.<\/p>\n<p><strong>CARIRI EM A\u00c7\u00c3O<\/strong><\/p>\n<p>Com Portal Correio\/Foto: Reprodu\u00e7\u00e3o google<\/p>\n<p>Leia mais not\u00edcias em\u00a0caririemacao.com, siga nossa p\u00e1gina no\u00a0Facebook,\u00a0Instagram\u00a0e\u00a0Youtube\u00a0e veja nossas mat\u00e9rias, v\u00eddeos e fotos. Voc\u00ea tamb\u00e9m pode enviar informa\u00e7\u00f5es \u00e0 Reda\u00e7\u00e3o do Portal Cariri em A\u00e7\u00e3o pelo WhatsApp (83) 9 9634.5791, (83) 9 9601-1162.<\/p>\n","protected":false},"excerpt":{"rendered":"<p>A apenas tr\u00eas dias do fim do prazo para declara\u00e7\u00e3o do Imposto de Renda, 71.714 contribuintes na Para\u00edba ainda n\u00e3o realizaram o procedimento, de acordo&hellip; <\/p>\n","protected":false},"author":2,"featured_media":49309,"comment_status":"closed","ping_status":"closed","sticky":false,"template":"","format":"standard","meta":{"sfsi_plus_gutenberg_text_before_share":"","sfsi_plus_gutenberg_show_text_before_share":"","sfsi_plus_gutenberg_icon_type":"","sfsi_plus_gutenberg_icon_alignemt":"","sfsi_plus_gutenburg_max_per_row":"","footnotes":""},"categories":[2],"tags":[],"class_list":["post-49308","post","type-post","status-publish","format-standard","has-post-thumbnail","hentry","category-geral"],"_links":{"self":[{"href":"https:\/\/www.caririemacao.com\/1\/wp-json\/wp\/v2\/posts\/49308","targetHints":{"allow":["GET"]}}],"collection":[{"href":"https:\/\/www.caririemacao.com\/1\/wp-json\/wp\/v2\/posts"}],"about":[{"href":"https:\/\/www.caririemacao.com\/1\/wp-json\/wp\/v2\/types\/post"}],"author":[{"embeddable":true,"href":"https:\/\/www.caririemacao.com\/1\/wp-json\/wp\/v2\/users\/2"}],"replies":[{"embeddable":true,"href":"https:\/\/www.caririemacao.com\/1\/wp-json\/wp\/v2\/comments?post=49308"}],"version-history":[{"count":0,"href":"https:\/\/www.caririemacao.com\/1\/wp-json\/wp\/v2\/posts\/49308\/revisions"}],"wp:featuredmedia":[{"embeddable":true,"href":"https:\/\/www.caririemacao.com\/1\/wp-json\/wp\/v2\/media\/49309"}],"wp:attachment":[{"href":"https:\/\/www.caririemacao.com\/1\/wp-json\/wp\/v2\/media?parent=49308"}],"wp:term":[{"taxonomy":"category","embeddable":true,"href":"https:\/\/www.caririemacao.com\/1\/wp-json\/wp\/v2\/categories?post=49308"},{"taxonomy":"post_tag","embeddable":true,"href":"https:\/\/www.caririemacao.com\/1\/wp-json\/wp\/v2\/tags?post=49308"}],"curies":[{"name":"wp","href":"https:\/\/api.w.org\/{rel}","templated":true}]}}