{"id":49311,"date":"2018-04-27T22:15:20","date_gmt":"2018-04-28T01:15:20","guid":{"rendered":"http:\/\/caririemacao.com\/1\/?p=49311"},"modified":"2018-04-27T22:15:20","modified_gmt":"2018-04-28T01:15:20","slug":"eduardo-cardozo-acredita-que-stf-vai-reverter-prisao-de-lula-e-que-ele-sera-candidato","status":"publish","type":"post","link":"https:\/\/www.caririemacao.com\/1\/2018\/04\/27\/eduardo-cardozo-acredita-que-stf-vai-reverter-prisao-de-lula-e-que-ele-sera-candidato\/","title":{"rendered":"Eduardo Cardozo acredita que STF vai reverter pris\u00e3o de Lula e que ele ser\u00e1 candidato"},"content":{"rendered":"<p>O ex-ministro da Justi\u00e7a Eduardo Cardozo acredita que o Supremo Tribunal Federal (STF) vai derrubar a pris\u00e3o do ex-presidente Lula. Ele disse nesta sexta-feira (27), em visita \u00e0 C\u00e2mara Municipal de Jo\u00e3o Pessoa, que a decis\u00e3o que condena Lula deve ser modificada. \u201cA senten\u00e7a que condena o ex-presidente Lula \u00e9 insustent\u00e1vel do ponto de vista jur\u00eddico, faltam provas, a pris\u00e3o foi apressada de forma indevida, o processo todo foi acelerado de uma maneira inaceit\u00e1vel\u201d, disse Cardozo, que confia que Lula ser\u00e1 candidato. &#8220;Todos sabem que ele est\u00e1 em primeiro lugar nas pesquisas&#8221;, disse.<\/p>\n<p>Segundo o ex-ministro, o processo foi acelerado de maneira inaceit\u00e1vel e se houver uma decis\u00e3o justa e correta, Lula n\u00e3o poderia continuar preso. \u201cEu confio na Justi\u00e7a brasileira, eu espero que se fa\u00e7a justi\u00e7a, porque realmente \u00e9 uma viol\u00eancia que n\u00e3o pode continuar sendo perpetrada contra o ex-presidente da Rep\u00fablica\u201d, afirmou.<\/p>\n<p>Na an\u00e1lise de Eduardo Cardozo, Lula \u00e9 um preso pol\u00edtico porque a lei penal vale para todas, mas teria sido aplicada de uma forma indevida em face de Lula, por quest\u00f5es pol\u00edtico-ideol\u00f3gicas.<\/p>\n<p>\u201cEu n\u00e3o tenho a menor d\u00favida que o presidente Lula n\u00e3o deveria estar preso nesse momento porque n\u00e3o h\u00e1 provas naquele processo, porque foi uma interpreta\u00e7\u00e3o for\u00e7ada, porque o processo foi acelerado e porque a pris\u00e3o tamb\u00e9m foi acelerada, portanto se fugiu da lei, e quando se foge da lei da aplica\u00e7\u00e3o do direito, efetivamente h\u00e1 um ingrediente pol\u00edtico-ideol\u00f3gico que prevalece\u201d, defendeu Eduardo Cardozo.<\/p>\n<p><strong>CARIRI EM A\u00c7\u00c3O<\/strong><\/p>\n<p>Com Clik PB\/Foto:\u00a0Clik PB<\/p>\n<p>Leia mais not\u00edcias em\u00a0caririemacao.com, siga nossa p\u00e1gina no\u00a0Facebook,\u00a0Instagram\u00a0e\u00a0Youtube\u00a0e veja nossas mat\u00e9rias, v\u00eddeos e fotos. Voc\u00ea tamb\u00e9m pode enviar informa\u00e7\u00f5es \u00e0 Reda\u00e7\u00e3o do Portal Cariri em A\u00e7\u00e3o pelo WhatsApp (83) 9 9634.5791, (83) 9 9601-1162.<\/p>\n","protected":false},"excerpt":{"rendered":"<p>O ex-ministro da Justi\u00e7a Eduardo Cardozo acredita que o Supremo Tribunal Federal (STF) vai derrubar a pris\u00e3o do ex-presidente Lula. Ele disse nesta sexta-feira (27),&hellip; <\/p>\n","protected":false},"author":2,"featured_media":49312,"comment_status":"closed","ping_status":"closed","sticky":false,"template":"","format":"standard","meta":{"sfsi_plus_gutenberg_text_before_share":"","sfsi_plus_gutenberg_show_text_before_share":"","sfsi_plus_gutenberg_icon_type":"","sfsi_plus_gutenberg_icon_alignemt":"","sfsi_plus_gutenburg_max_per_row":"","footnotes":""},"categories":[11],"tags":[],"class_list":["post-49311","post","type-post","status-publish","format-standard","has-post-thumbnail","hentry","category-politica"],"_links":{"self":[{"href":"https:\/\/www.caririemacao.com\/1\/wp-json\/wp\/v2\/posts\/49311","targetHints":{"allow":["GET"]}}],"collection":[{"href":"https:\/\/www.caririemacao.com\/1\/wp-json\/wp\/v2\/posts"}],"about":[{"href":"https:\/\/www.caririemacao.com\/1\/wp-json\/wp\/v2\/types\/post"}],"author":[{"embeddable":true,"href":"https:\/\/www.caririemacao.com\/1\/wp-json\/wp\/v2\/users\/2"}],"replies":[{"embeddable":true,"href":"https:\/\/www.caririemacao.com\/1\/wp-json\/wp\/v2\/comments?post=49311"}],"version-history":[{"count":0,"href":"https:\/\/www.caririemacao.com\/1\/wp-json\/wp\/v2\/posts\/49311\/revisions"}],"wp:featuredmedia":[{"embeddable":true,"href":"https:\/\/www.caririemacao.com\/1\/wp-json\/wp\/v2\/media\/49312"}],"wp:attachment":[{"href":"https:\/\/www.caririemacao.com\/1\/wp-json\/wp\/v2\/media?parent=49311"}],"wp:term":[{"taxonomy":"category","embeddable":true,"href":"https:\/\/www.caririemacao.com\/1\/wp-json\/wp\/v2\/categories?post=49311"},{"taxonomy":"post_tag","embeddable":true,"href":"https:\/\/www.caririemacao.com\/1\/wp-json\/wp\/v2\/tags?post=49311"}],"curies":[{"name":"wp","href":"https:\/\/api.w.org\/{rel}","templated":true}]}}