{"id":49315,"date":"2018-04-27T23:39:48","date_gmt":"2018-04-28T02:39:48","guid":{"rendered":"http:\/\/caririemacao.com\/1\/?p=49315"},"modified":"2018-04-27T23:40:57","modified_gmt":"2018-04-28T02:40:57","slug":"buraco-causa-acidente-em-rodovia-do-cariri","status":"publish","type":"post","link":"https:\/\/www.caririemacao.com\/1\/2018\/04\/27\/buraco-causa-acidente-em-rodovia-do-cariri\/","title":{"rendered":"Buraco causa acidente em rodovia do Cariri"},"content":{"rendered":"<p>Na noite desta sexta-feira (27) um acidente foi registrado na rodovia governador Ant\u00f4nio Mariz, estrada que liga a cidade de Prata a BR 412.<\/p>\n<p>De acordo com relatos do condutor do ve\u00edculo, ele trafegava na PB 250 atr\u00e1s de um caminh\u00e3o, de repente o motorista foi surpreendido por um buraco no asfalto. Ele n\u00e3o conseguiu desviar e acabou perdendo o controle do veiculo, descendo o aterro.<a href=\"http:\/\/caririemacao.com\/1\/?attachment_id=49325\" rel=\"attachment wp-att-49325\"><img fetchpriority=\"high\" decoding=\"async\" class=\"aligncenter size-full wp-image-49325\" src=\"http:\/\/caririemacao.com\/1\/wp-content\/uploads\/2018\/04\/31433645_1647453585370195_8214452590885208064_n.jpg\" alt=\"\" width=\"720\" height=\"540\" srcset=\"https:\/\/www.caririemacao.com\/1\/wp-content\/uploads\/2018\/04\/31433645_1647453585370195_8214452590885208064_n.jpg 720w, https:\/\/www.caririemacao.com\/1\/wp-content\/uploads\/2018\/04\/31433645_1647453585370195_8214452590885208064_n-300x225.jpg 300w\" sizes=\"(max-width: 720px) 100vw, 720px\" \/><\/a><\/p>\n<p>Por sorte o ve\u00edculo estava em baixa velocidade e ningu\u00e9m ficou ferido, no interior do carro estava quatro jovens que tinham ido visitar parentes na cidade de Tuparetama e no momento do acidente estavam retornado com destino a Santa cruz do Capibaribe<\/p>\n<p>Tudo ocorreu nas proximidades da entrada do \u201cCentro Vida Nordeste\u201d.<\/p>\n<p><strong>CARIRI EM A\u00c7\u00c3O<\/strong><\/p>\n<p><strong>Leia mais not\u00edcias em\u00a0<\/strong><a href=\"http:\/\/www.caririemacao.com\/\"><strong>caririemacao.com<\/strong><\/a><strong>, siga nossa p\u00e1gina no\u00a0<\/strong><a href=\"https:\/\/www.facebook.com\/CaririEmAcao\/?ref=aymt_homepage_panel\"><strong>Facebook<\/strong><\/a>,<strong>\u00a0<\/strong><a href=\"https:\/\/www.instagram.com\/cariri_em_acao\/?hl=pt-br\"><strong>Instagram<\/strong><\/a><strong>\u00a0e <\/strong><a href=\"https:\/\/www.youtube.com\/channel\/UCAptA0jQuYQy8vMhLt2m4qg\"><strong>Youtube<\/strong><\/a><strong>\u00a0e veja nossas mat\u00e9rias, v\u00eddeos e fotos. Voc\u00ea tamb\u00e9m pode enviar informa\u00e7\u00f5es \u00e0 Reda\u00e7\u00e3o do Portal Cariri em A\u00e7\u00e3o pelo WhatsApp (83) 9 9634.5791, (83) 9 9601-1162.<\/strong><\/p>\n","protected":false},"excerpt":{"rendered":"<p>Na noite desta sexta-feira (27) um acidente foi registrado na rodovia governador Ant\u00f4nio Mariz, estrada que liga a cidade de Prata a BR 412. De&hellip; <\/p>\n","protected":false},"author":2,"featured_media":49326,"comment_status":"closed","ping_status":"closed","sticky":false,"template":"","format":"standard","meta":{"sfsi_plus_gutenberg_text_before_share":"","sfsi_plus_gutenberg_show_text_before_share":"","sfsi_plus_gutenberg_icon_type":"","sfsi_plus_gutenberg_icon_alignemt":"","sfsi_plus_gutenburg_max_per_row":"","footnotes":""},"categories":[12],"tags":[],"class_list":["post-49315","post","type-post","status-publish","format-standard","has-post-thumbnail","hentry","category-policia"],"_links":{"self":[{"href":"https:\/\/www.caririemacao.com\/1\/wp-json\/wp\/v2\/posts\/49315","targetHints":{"allow":["GET"]}}],"collection":[{"href":"https:\/\/www.caririemacao.com\/1\/wp-json\/wp\/v2\/posts"}],"about":[{"href":"https:\/\/www.caririemacao.com\/1\/wp-json\/wp\/v2\/types\/post"}],"author":[{"embeddable":true,"href":"https:\/\/www.caririemacao.com\/1\/wp-json\/wp\/v2\/users\/2"}],"replies":[{"embeddable":true,"href":"https:\/\/www.caririemacao.com\/1\/wp-json\/wp\/v2\/comments?post=49315"}],"version-history":[{"count":0,"href":"https:\/\/www.caririemacao.com\/1\/wp-json\/wp\/v2\/posts\/49315\/revisions"}],"wp:featuredmedia":[{"embeddable":true,"href":"https:\/\/www.caririemacao.com\/1\/wp-json\/wp\/v2\/media\/49326"}],"wp:attachment":[{"href":"https:\/\/www.caririemacao.com\/1\/wp-json\/wp\/v2\/media?parent=49315"}],"wp:term":[{"taxonomy":"category","embeddable":true,"href":"https:\/\/www.caririemacao.com\/1\/wp-json\/wp\/v2\/categories?post=49315"},{"taxonomy":"post_tag","embeddable":true,"href":"https:\/\/www.caririemacao.com\/1\/wp-json\/wp\/v2\/tags?post=49315"}],"curies":[{"name":"wp","href":"https:\/\/api.w.org\/{rel}","templated":true}]}}