{"id":49318,"date":"2018-04-27T22:31:03","date_gmt":"2018-04-28T01:31:03","guid":{"rendered":"http:\/\/caririemacao.com\/1\/?p=49318"},"modified":"2018-04-27T22:31:03","modified_gmt":"2018-04-28T01:31:03","slug":"del-nero-diz-que-banimento-do-futebol-e-um-absurdo","status":"publish","type":"post","link":"https:\/\/www.caririemacao.com\/1\/2018\/04\/27\/del-nero-diz-que-banimento-do-futebol-e-um-absurdo\/","title":{"rendered":"Del Nero diz que banimento do futebol \u00e9 &#8216;um absurdo&#8217;"},"content":{"rendered":"<p>Marco Polo Del Nero ficou revoltado com seu banimento do futebol imposto pela Fifa. O ex-presidente da CBF afirmou que \u00e9 &#8220;um grande absurdo&#8221; sua puni\u00e7\u00e3o e que ir\u00e1 recorrer da decis\u00e3o da entidade que comanda o futebol.<\/p>\n<p>Del Nero, que estava afastado da presid\u00eancia da CBF (Confedera\u00e7\u00e3o Brasileira de Futebol) desde que havia sido suspenso preventivamente por 90 dias pela Fifa, em dezembro do ano passado, foi investigado pelo Comit\u00ea de \u00c9tica da federa\u00e7\u00e3o internacional por suspeita de recebimento de propina.<\/p>\n<p>Segundo a Fifa, o brasileiro foi considerado culpado de participa\u00e7\u00e3o em \u201cesquemas nos quais recebeu propina por seu papel na concess\u00e3o de contratos a empresas pelos direitos de m\u00eddia e de marketing de v\u00e1rios campeonatos de futebol\u201d.<\/p>\n<p>&#8220;Vi sim a not\u00edcia da Fifa e s\u00f3 posso classificar a decis\u00e3o como um grande absurdo&#8221;, disse Del Nero \u00e0 Reuters em r\u00e1pida entrevista por telefone pouco ap\u00f3s o an\u00fancio do banimento.<\/p>\n<p>Del Nero, ex-membro do comit\u00ea executivo da Fifa, est\u00e1 entre os 42 dirigentes de futebol e executivos de marketing esportivo indiciados nos Estados Unidos em 2015 em um esc\u00e2ndalo de corrup\u00e7\u00e3o que provocou a maior crise da hist\u00f3ria da Fifa.<\/p>\n<p>Os dois antecessores imediatos de Del Nero, Jos\u00e9 Maria Marin e Ricardo Teixeira, tamb\u00e9m est\u00e3o entre os indiciados nos Estados Unidos.<\/p>\n<p><strong>CARIRI EM A\u00c7\u00c3O<\/strong><\/p>\n<p><em>Com R7\/Foto: R7<\/em><\/p>\n<p><strong>Leia mais not\u00edcias em\u00a0<\/strong><a href=\"http:\/\/www.caririemacao.com\/\"><strong>caririemacao.com<\/strong><\/a><strong>, siga nossa p\u00e1gina no\u00a0<\/strong><a href=\"https:\/\/www.facebook.com\/CaririEmAcao\/?ref=aymt_homepage_panel\"><strong>Facebook<\/strong><\/a>,<strong>\u00a0<\/strong><a href=\"https:\/\/www.instagram.com\/cariri_em_acao\/?hl=pt-br\"><strong>Instagram<\/strong><\/a><strong>\u00a0e\u00a0<\/strong><a href=\"https:\/\/www.youtube.com\/channel\/UCAptA0jQuYQy8vMhLt2m4qg\"><strong>Youtube<\/strong><\/a><strong>\u00a0e veja nossas mat\u00e9rias, v\u00eddeos e fotos. Voc\u00ea tamb\u00e9m pode enviar informa\u00e7\u00f5es \u00e0 Reda\u00e7\u00e3o do Portal Cariri em A\u00e7\u00e3o pelo WhatsApp (83) 9 9634.5791, (83) 9 9601-1162.<\/strong><\/p>\n","protected":false},"excerpt":{"rendered":"<p>Marco Polo Del Nero ficou revoltado com seu banimento do futebol imposto pela Fifa. O ex-presidente da CBF afirmou que \u00e9 &#8220;um grande absurdo&#8221; sua&hellip; <\/p>\n","protected":false},"author":2,"featured_media":49319,"comment_status":"closed","ping_status":"closed","sticky":false,"template":"","format":"standard","meta":{"sfsi_plus_gutenberg_text_before_share":"","sfsi_plus_gutenberg_show_text_before_share":"","sfsi_plus_gutenberg_icon_type":"","sfsi_plus_gutenberg_icon_alignemt":"","sfsi_plus_gutenburg_max_per_row":"","footnotes":""},"categories":[13],"tags":[],"class_list":["post-49318","post","type-post","status-publish","format-standard","has-post-thumbnail","hentry","category-esportes"],"_links":{"self":[{"href":"https:\/\/www.caririemacao.com\/1\/wp-json\/wp\/v2\/posts\/49318","targetHints":{"allow":["GET"]}}],"collection":[{"href":"https:\/\/www.caririemacao.com\/1\/wp-json\/wp\/v2\/posts"}],"about":[{"href":"https:\/\/www.caririemacao.com\/1\/wp-json\/wp\/v2\/types\/post"}],"author":[{"embeddable":true,"href":"https:\/\/www.caririemacao.com\/1\/wp-json\/wp\/v2\/users\/2"}],"replies":[{"embeddable":true,"href":"https:\/\/www.caririemacao.com\/1\/wp-json\/wp\/v2\/comments?post=49318"}],"version-history":[{"count":0,"href":"https:\/\/www.caririemacao.com\/1\/wp-json\/wp\/v2\/posts\/49318\/revisions"}],"wp:featuredmedia":[{"embeddable":true,"href":"https:\/\/www.caririemacao.com\/1\/wp-json\/wp\/v2\/media\/49319"}],"wp:attachment":[{"href":"https:\/\/www.caririemacao.com\/1\/wp-json\/wp\/v2\/media?parent=49318"}],"wp:term":[{"taxonomy":"category","embeddable":true,"href":"https:\/\/www.caririemacao.com\/1\/wp-json\/wp\/v2\/categories?post=49318"},{"taxonomy":"post_tag","embeddable":true,"href":"https:\/\/www.caririemacao.com\/1\/wp-json\/wp\/v2\/tags?post=49318"}],"curies":[{"name":"wp","href":"https:\/\/api.w.org\/{rel}","templated":true}]}}