{"id":49335,"date":"2018-04-28T17:50:10","date_gmt":"2018-04-28T20:50:10","guid":{"rendered":"http:\/\/caririemacao.com\/1\/?p=49335"},"modified":"2018-04-28T17:50:10","modified_gmt":"2018-04-28T20:50:10","slug":"prefeitura-de-sume-divulga-programacao-do-sao-joao-2018","status":"publish","type":"post","link":"https:\/\/www.caririemacao.com\/1\/2018\/04\/28\/prefeitura-de-sume-divulga-programacao-do-sao-joao-2018\/","title":{"rendered":"Prefeitura de Sum\u00e9 divulga programa\u00e7\u00e3o do S\u00e3o Jo\u00e3o 2018"},"content":{"rendered":"<div class=\"post_header\">\n<div class=\"post_header_title\">\n<div class=\"post_info_cat\"><\/div>\n<\/div>\n<\/div>\n<div class=\"post_header single\">\n<p>A Prefeitura de Sum\u00e9 divulgou na manh\u00e3 deste s\u00e1bado (28\/04), a programa\u00e7\u00e3o do S\u00e3o Jo\u00e3o 2018 do munic\u00edpio durante a transmiss\u00e3o do seu programa de r\u00e1dio \u201cGovernando com Voc\u00ea\u201d, transmitido pela 95 FM.<\/p>\n<p>A festa ser\u00e1 realizada de 12 a 24 de junho, na Pra\u00e7a Jos\u00e9 Am\u00e9rico. No dia 12 \u00e9 realizada a abertura oficial das barracas com trios de forr\u00f3 p\u00e9 de serra que se apresentam at\u00e9 o dia 18 no Arrai\u00e1 Z\u00e9 Marcolino, tendo como atra\u00e7\u00f5es a valoriza\u00e7\u00e3o dos artistas da terra: Mercinho e Forr\u00f3 Canto da Serra, Reginaldo Silva, Alyson Sanfoneiro, Gabriel do Acordeon, Rog\u00e9rio Lima e outros.<\/p>\n<p><strong>O palco principal ter\u00e1 shows nos dias 15, 16, 22, 23 e 24, conforme programa\u00e7\u00e3o a seguir:<\/strong><\/p>\n<p><strong>15\/06 \u2013<\/strong>\u00a0Eliane e Forroz\u00e3o das Antigas<\/p>\n<p><strong>16\/06 \u2013<\/strong>\u00a0Waldonys e Geg\u00ea Bismark<\/p>\n<p><strong>22\/06 \u2013<\/strong>\u00a0Cezinha e Dejinha de Monteiro<\/p>\n<p><strong>23\/06 \u2013<\/strong>\u00a0Forr\u00f3 Kent e Forr\u00f3 D2<\/p>\n<p><strong>24\/06 \u2013<\/strong>\u00a0Rita de C\u00e1ssia e Forr\u00f3 Gente Boa<\/p>\n<p>Este ano, as pessoas que comercializam de forma frequente na pra\u00e7a Jos\u00e9 Am\u00e9rico j\u00e1 realizaram um cadastro pr\u00e9vio e poder\u00e3o vender comidas e lanches num espa\u00e7o reservado nas media\u00e7\u00f5es da pra\u00e7a.<\/p>\n<p>Nos pr\u00f3ximos dias ser\u00e3o realizadas reuni\u00f5es com sanfoneiros, organizadores de quadrilhas e lan\u00e7amento do edital para quem ir\u00e1 concorrer a uma barraca no arraial.<\/p>\n<p><strong>CARIRI EM A\u00c7\u00c3O<\/strong><\/p>\n<p>Com Ascom\/Foto: Ascom<\/p>\n<p>Leia mais not\u00edcias em\u00a0caririemacao.com, siga nossa p\u00e1gina no\u00a0Facebook,\u00a0Instagram\u00a0e\u00a0Youtube\u00a0e veja nossas mat\u00e9rias, v\u00eddeos e fotos. Voc\u00ea tamb\u00e9m pode enviar informa\u00e7\u00f5es \u00e0 Reda\u00e7\u00e3o do Portal Cariri em A\u00e7\u00e3o pelo WhatsApp (83) 9 9634.5791, (83) 9 9601-1162.<\/p>\n<\/div>\n","protected":false},"excerpt":{"rendered":"<p>A Prefeitura de Sum\u00e9 divulgou na manh\u00e3 deste s\u00e1bado (28\/04), a programa\u00e7\u00e3o do S\u00e3o Jo\u00e3o 2018 do munic\u00edpio durante a transmiss\u00e3o do seu programa de&hellip; <\/p>\n","protected":false},"author":2,"featured_media":49336,"comment_status":"closed","ping_status":"closed","sticky":false,"template":"","format":"standard","meta":{"sfsi_plus_gutenberg_text_before_share":"","sfsi_plus_gutenberg_show_text_before_share":"","sfsi_plus_gutenberg_icon_type":"","sfsi_plus_gutenberg_icon_alignemt":"","sfsi_plus_gutenburg_max_per_row":"","footnotes":""},"categories":[6],"tags":[],"class_list":["post-49335","post","type-post","status-publish","format-standard","has-post-thumbnail","hentry","category-cidades"],"_links":{"self":[{"href":"https:\/\/www.caririemacao.com\/1\/wp-json\/wp\/v2\/posts\/49335","targetHints":{"allow":["GET"]}}],"collection":[{"href":"https:\/\/www.caririemacao.com\/1\/wp-json\/wp\/v2\/posts"}],"about":[{"href":"https:\/\/www.caririemacao.com\/1\/wp-json\/wp\/v2\/types\/post"}],"author":[{"embeddable":true,"href":"https:\/\/www.caririemacao.com\/1\/wp-json\/wp\/v2\/users\/2"}],"replies":[{"embeddable":true,"href":"https:\/\/www.caririemacao.com\/1\/wp-json\/wp\/v2\/comments?post=49335"}],"version-history":[{"count":0,"href":"https:\/\/www.caririemacao.com\/1\/wp-json\/wp\/v2\/posts\/49335\/revisions"}],"wp:featuredmedia":[{"embeddable":true,"href":"https:\/\/www.caririemacao.com\/1\/wp-json\/wp\/v2\/media\/49336"}],"wp:attachment":[{"href":"https:\/\/www.caririemacao.com\/1\/wp-json\/wp\/v2\/media?parent=49335"}],"wp:term":[{"taxonomy":"category","embeddable":true,"href":"https:\/\/www.caririemacao.com\/1\/wp-json\/wp\/v2\/categories?post=49335"},{"taxonomy":"post_tag","embeddable":true,"href":"https:\/\/www.caririemacao.com\/1\/wp-json\/wp\/v2\/tags?post=49335"}],"curies":[{"name":"wp","href":"https:\/\/api.w.org\/{rel}","templated":true}]}}