{"id":49340,"date":"2018-04-28T17:55:34","date_gmt":"2018-04-28T20:55:34","guid":{"rendered":"http:\/\/caririemacao.com\/1\/?p=49340"},"modified":"2018-04-28T17:55:34","modified_gmt":"2018-04-28T20:55:34","slug":"crianca-de-dois-anos-morre-ao-cair-em-cisterna-na-pb","status":"publish","type":"post","link":"https:\/\/www.caririemacao.com\/1\/2018\/04\/28\/crianca-de-dois-anos-morre-ao-cair-em-cisterna-na-pb\/","title":{"rendered":"Crian\u00e7a de dois anos morre ao cair em cisterna na PB"},"content":{"rendered":"<p>Uma crian\u00e7a de dois anos morreu, no final da manh\u00e3 deste s\u00e1bado (28), ap\u00f3s cair em uma cisterna de \u00e1gua na cidade de Juazeirinho, no Serid\u00f3 paraibano. De acordo com o Corpo de Bombeiros, a v\u00edtima, que \u00e9 uma menina, estava brincando com o irm\u00e3o no momento do acidente.<\/p>\n<p>Ao chegar no local, a Pol\u00edcia Militar notou que as crian\u00e7as estavam brincando na \u00e1rea externa da cisterna, que fica na resid\u00eancia da fam\u00edlia, quando a garota perdeu o equil\u00edbrio e caiu no buraco.<\/p>\n<p>Os pais da v\u00edtima ficaram em estado de choque e precisaram ser socorridos para um hospital da cidade. O corpo da menina foi encaminhado para o gmol em Campina Grande. Os pais dela ser\u00e3o ouvidos pela pol\u00edcia.<\/p>\n<p><strong>CARIRI EM A\u00c7\u00c3O<\/strong><\/p>\n<p>Com Mais PB\/Foto: Reprodu\u00e7\u00e3o google<\/p>\n<p>Leia mais not\u00edcias em\u00a0caririemacao.com, siga nossa p\u00e1gina no\u00a0Facebook,\u00a0Instagram\u00a0e\u00a0Youtube\u00a0e veja nossas mat\u00e9rias, v\u00eddeos e fotos. Voc\u00ea tamb\u00e9m pode enviar informa\u00e7\u00f5es \u00e0 Reda\u00e7\u00e3o do Portal Cariri em A\u00e7\u00e3o pelo WhatsApp (83) 9 9634.5791, (83) 9 9601-1162.<\/p>\n","protected":false},"excerpt":{"rendered":"<p>Uma crian\u00e7a de dois anos morreu, no final da manh\u00e3 deste s\u00e1bado (28), ap\u00f3s cair em uma cisterna de \u00e1gua na cidade de Juazeirinho, no&hellip; <\/p>\n","protected":false},"author":2,"featured_media":41530,"comment_status":"closed","ping_status":"closed","sticky":false,"template":"","format":"standard","meta":{"sfsi_plus_gutenberg_text_before_share":"","sfsi_plus_gutenberg_show_text_before_share":"","sfsi_plus_gutenberg_icon_type":"","sfsi_plus_gutenberg_icon_alignemt":"","sfsi_plus_gutenburg_max_per_row":"","footnotes":""},"categories":[12],"tags":[],"class_list":["post-49340","post","type-post","status-publish","format-standard","has-post-thumbnail","hentry","category-policia"],"_links":{"self":[{"href":"https:\/\/www.caririemacao.com\/1\/wp-json\/wp\/v2\/posts\/49340","targetHints":{"allow":["GET"]}}],"collection":[{"href":"https:\/\/www.caririemacao.com\/1\/wp-json\/wp\/v2\/posts"}],"about":[{"href":"https:\/\/www.caririemacao.com\/1\/wp-json\/wp\/v2\/types\/post"}],"author":[{"embeddable":true,"href":"https:\/\/www.caririemacao.com\/1\/wp-json\/wp\/v2\/users\/2"}],"replies":[{"embeddable":true,"href":"https:\/\/www.caririemacao.com\/1\/wp-json\/wp\/v2\/comments?post=49340"}],"version-history":[{"count":0,"href":"https:\/\/www.caririemacao.com\/1\/wp-json\/wp\/v2\/posts\/49340\/revisions"}],"wp:featuredmedia":[{"embeddable":true,"href":"https:\/\/www.caririemacao.com\/1\/wp-json\/wp\/v2\/media\/41530"}],"wp:attachment":[{"href":"https:\/\/www.caririemacao.com\/1\/wp-json\/wp\/v2\/media?parent=49340"}],"wp:term":[{"taxonomy":"category","embeddable":true,"href":"https:\/\/www.caririemacao.com\/1\/wp-json\/wp\/v2\/categories?post=49340"},{"taxonomy":"post_tag","embeddable":true,"href":"https:\/\/www.caririemacao.com\/1\/wp-json\/wp\/v2\/tags?post=49340"}],"curies":[{"name":"wp","href":"https:\/\/api.w.org\/{rel}","templated":true}]}}