{"id":49342,"date":"2018-04-28T15:58:54","date_gmt":"2018-04-28T18:58:54","guid":{"rendered":"http:\/\/caririemacao.com\/1\/?p=49342"},"modified":"2018-04-28T19:06:13","modified_gmt":"2018-04-28T22:06:13","slug":"sargento-acusado-de-matar-pm-e-internado-em-clinica-de-dependencia-quimica","status":"publish","type":"post","link":"https:\/\/www.caririemacao.com\/1\/2018\/04\/28\/sargento-acusado-de-matar-pm-e-internado-em-clinica-de-dependencia-quimica\/","title":{"rendered":"Sargento acusado de matar PM \u00e9 internado em cl\u00ednica de depend\u00eancia qu\u00edmica"},"content":{"rendered":"<p>O sargento Edson lira, acusado de matar o sargento Jos\u00e9 L\u00facio J\u00fanior, 32 anos, na madrugada do dia 15 de mar\u00e7o deste ano,\u00a0 ele est\u00e1 internado em uma cl\u00ednica para tratamento da depend\u00eancia qu\u00edmica (\u00e1lcool e drogas il\u00edcitas). A informa\u00e7\u00e3o foi divulgada no programa Correio Verdade, TV Correio.<\/p>\n<p>Ap\u00f3s ele passar pela audi\u00eancia de cust\u00f3dia, teve o direito de responder o processo em liberdade. Considerando que o sargento Lira j\u00e1 vinha passando por tratamento m\u00e9dico desde 2013, com melhoras e reca\u00eddas, a fam\u00edlia resolveu intern\u00e1-lo.<\/p>\n<p>A ju\u00edza de cust\u00f3dia entendeu, em an\u00e1lise preliminar, que o crime ocorreu por acidente, ou seja, na modalidade culposa, quando n\u00e3o inten\u00e7\u00e3o de matar. A magistrada chegou a essa conclus\u00e3o preliminar a partir de colher informa\u00e7\u00f5es do auto de pris\u00e3o em flagrante, onde constaram relatos de testemunhas do local do fato e do pr\u00f3prio acusado.<\/p>\n<p>Para por em liberdade o sargento, a ju\u00edza considerou ainda que n\u00e3o havia desentendimento entre v\u00edtima e acusado, al\u00e9m do fato da arma do sargento Lira ter sido encontrada em pane, que \u00e9 uma esp\u00e9cie de defeito mec\u00e2nico. A pistola foi levada para per\u00edcia, a fim de saber que tipo de defeito. O laudo do exame ainda n\u00e3o foi conclu\u00eddo.<\/p>\n<p>Crime<\/p>\n<p>O sargento da PM Jos\u00e9 Lucio, natural de Campina grande, foi morto com dois tiros enquanto dormia no interior do alojamento, no bairro de Mangabeira, em Janeiro deste ano. \u00a0Os disparos atingiram o t\u00f3rax e bra\u00e7o do sargento J. L\u00facio. A v\u00edtima foi socorrida e encaminhada para o Hospital de Emerg\u00eancia e Trauma de Jo\u00e3o Pessoa, mas n\u00e3o resistiu aos ferimentos e acabou morrendo pouco depois do atendimento.<\/p>\n<p>O sargento Lira, tamb\u00e9m de Campina Grande, foi detido em flagrante e transferido para a carceragem do 1\u00b0 Batalh\u00e3o da Pol\u00edcia Militar. Ele responde em liberdade.<\/p>\n<p><strong>CARIRI EM A\u00c7\u00c3O<\/strong><\/p>\n<p>Com HojePB\/Foto:\u00a0HojePB<\/p>\n<p>Leia mais not\u00edcias em\u00a0caririemacao.com, siga nossa p\u00e1gina no\u00a0Facebook,\u00a0Instagram\u00a0e\u00a0Youtube\u00a0e veja nossas mat\u00e9rias, v\u00eddeos e fotos. Voc\u00ea tamb\u00e9m pode enviar informa\u00e7\u00f5es \u00e0 Reda\u00e7\u00e3o do Portal Cariri em A\u00e7\u00e3o pelo WhatsApp (83) 9 9634.5791, (83) 9 9601-1162.<\/p>\n","protected":false},"excerpt":{"rendered":"<p>O sargento Edson lira, acusado de matar o sargento Jos\u00e9 L\u00facio J\u00fanior, 32 anos, na madrugada do dia 15 de mar\u00e7o deste ano,\u00a0 ele est\u00e1&hellip; <\/p>\n","protected":false},"author":2,"featured_media":49343,"comment_status":"closed","ping_status":"closed","sticky":false,"template":"","format":"standard","meta":{"sfsi_plus_gutenberg_text_before_share":"","sfsi_plus_gutenberg_show_text_before_share":"","sfsi_plus_gutenberg_icon_type":"","sfsi_plus_gutenberg_icon_alignemt":"","sfsi_plus_gutenburg_max_per_row":"","footnotes":""},"categories":[12],"tags":[],"class_list":["post-49342","post","type-post","status-publish","format-standard","has-post-thumbnail","hentry","category-policia"],"_links":{"self":[{"href":"https:\/\/www.caririemacao.com\/1\/wp-json\/wp\/v2\/posts\/49342","targetHints":{"allow":["GET"]}}],"collection":[{"href":"https:\/\/www.caririemacao.com\/1\/wp-json\/wp\/v2\/posts"}],"about":[{"href":"https:\/\/www.caririemacao.com\/1\/wp-json\/wp\/v2\/types\/post"}],"author":[{"embeddable":true,"href":"https:\/\/www.caririemacao.com\/1\/wp-json\/wp\/v2\/users\/2"}],"replies":[{"embeddable":true,"href":"https:\/\/www.caririemacao.com\/1\/wp-json\/wp\/v2\/comments?post=49342"}],"version-history":[{"count":0,"href":"https:\/\/www.caririemacao.com\/1\/wp-json\/wp\/v2\/posts\/49342\/revisions"}],"wp:featuredmedia":[{"embeddable":true,"href":"https:\/\/www.caririemacao.com\/1\/wp-json\/wp\/v2\/media\/49343"}],"wp:attachment":[{"href":"https:\/\/www.caririemacao.com\/1\/wp-json\/wp\/v2\/media?parent=49342"}],"wp:term":[{"taxonomy":"category","embeddable":true,"href":"https:\/\/www.caririemacao.com\/1\/wp-json\/wp\/v2\/categories?post=49342"},{"taxonomy":"post_tag","embeddable":true,"href":"https:\/\/www.caririemacao.com\/1\/wp-json\/wp\/v2\/tags?post=49342"}],"curies":[{"name":"wp","href":"https:\/\/api.w.org\/{rel}","templated":true}]}}