{"id":49345,"date":"2018-04-28T18:14:40","date_gmt":"2018-04-28T21:14:40","guid":{"rendered":"http:\/\/caririemacao.com\/1\/?p=49345"},"modified":"2018-04-28T18:14:40","modified_gmt":"2018-04-28T21:14:40","slug":"prazo-para-apresentar-recurso-sobre-isencao-de-taxa-do-enem-termina-neste-domingo","status":"publish","type":"post","link":"https:\/\/www.caririemacao.com\/1\/2018\/04\/28\/prazo-para-apresentar-recurso-sobre-isencao-de-taxa-do-enem-termina-neste-domingo\/","title":{"rendered":"Prazo para apresentar recurso sobre isen\u00e7\u00e3o de taxa do Enem termina neste domingo"},"content":{"rendered":"<p>O prazo para apresentar recurso ao pedido de isen\u00e7\u00e3o da taxa de inscri\u00e7\u00e3o do Exame Nacional do Ensino M\u00e9dio (Enem) termina \u00e0s 23h59 deste domingo (29). Mais de 500 mil pessoas tiveram o pedido de isen\u00e7\u00e3o negado pelo Instituto Nacional de Estudos e Pesquisas Educacionais An\u00edsio Teixeira (Inep). Dos 3,81 milh\u00f5es de pessoas que solicitaram a isen\u00e7\u00e3o, 87% foram aprovados.<\/p>\n<p>Tamb\u00e9m podem apresentar recurso os candidatos que tiveram negada a justificativa de aus\u00eancia no Enem do ano passado. Os candidatos que tiveram a isen\u00e7\u00e3o em 2017 e n\u00e3o compareceram aos dois dias de prova precisam justificar a aus\u00eancia para conseguir a gratuidade novamente.<\/p>\n<p>Das 208,5 mil pessoas que tentaram justificar aus\u00eancia no Enem 2017, apenas 8,4 mil apresentaram alguma documenta\u00e7\u00e3o. Dessas, 4,3 mil foram aceitas.<\/p>\n<p>No dia 5 de maio, o Inep divulgar\u00e1 o resultado dos recursos, consolidando a rela\u00e7\u00e3o de pessoas com direito a n\u00e3o pagar inscri\u00e7\u00e3o. Todos os interessados em fazer o Enem, com isen\u00e7\u00e3o aprovada ou n\u00e3o, dever\u00e3o fazer a inscri\u00e7\u00e3o entre 7 e 18 de maio.<\/p>\n<p><strong>CARIRI EM A\u00c7\u00c3O<\/strong><\/p>\n<p>Com Jornal da Parariba\/Foto: Reprodu\u00e7\u00e3o google<\/p>\n<p>Leia mais not\u00edcias em\u00a0caririemacao.com, siga nossa p\u00e1gina no\u00a0Facebook,\u00a0Instagram\u00a0e\u00a0Youtube\u00a0e veja nossas mat\u00e9rias, v\u00eddeos e fotos. Voc\u00ea tamb\u00e9m pode enviar informa\u00e7\u00f5es \u00e0 Reda\u00e7\u00e3o do Portal Cariri em A\u00e7\u00e3o pelo WhatsApp (83) 9 9634.5791, (83) 9 9601-1162.<\/p>\n","protected":false},"excerpt":{"rendered":"<p>O prazo para apresentar recurso ao pedido de isen\u00e7\u00e3o da taxa de inscri\u00e7\u00e3o do Exame Nacional do Ensino M\u00e9dio (Enem) termina \u00e0s 23h59 deste domingo&hellip; <\/p>\n","protected":false},"author":2,"featured_media":13230,"comment_status":"closed","ping_status":"closed","sticky":false,"template":"","format":"standard","meta":{"sfsi_plus_gutenberg_text_before_share":"","sfsi_plus_gutenberg_show_text_before_share":"","sfsi_plus_gutenberg_icon_type":"","sfsi_plus_gutenberg_icon_alignemt":"","sfsi_plus_gutenburg_max_per_row":"","footnotes":""},"categories":[2],"tags":[],"class_list":["post-49345","post","type-post","status-publish","format-standard","has-post-thumbnail","hentry","category-geral"],"_links":{"self":[{"href":"https:\/\/www.caririemacao.com\/1\/wp-json\/wp\/v2\/posts\/49345","targetHints":{"allow":["GET"]}}],"collection":[{"href":"https:\/\/www.caririemacao.com\/1\/wp-json\/wp\/v2\/posts"}],"about":[{"href":"https:\/\/www.caririemacao.com\/1\/wp-json\/wp\/v2\/types\/post"}],"author":[{"embeddable":true,"href":"https:\/\/www.caririemacao.com\/1\/wp-json\/wp\/v2\/users\/2"}],"replies":[{"embeddable":true,"href":"https:\/\/www.caririemacao.com\/1\/wp-json\/wp\/v2\/comments?post=49345"}],"version-history":[{"count":0,"href":"https:\/\/www.caririemacao.com\/1\/wp-json\/wp\/v2\/posts\/49345\/revisions"}],"wp:featuredmedia":[{"embeddable":true,"href":"https:\/\/www.caririemacao.com\/1\/wp-json\/wp\/v2\/media\/13230"}],"wp:attachment":[{"href":"https:\/\/www.caririemacao.com\/1\/wp-json\/wp\/v2\/media?parent=49345"}],"wp:term":[{"taxonomy":"category","embeddable":true,"href":"https:\/\/www.caririemacao.com\/1\/wp-json\/wp\/v2\/categories?post=49345"},{"taxonomy":"post_tag","embeddable":true,"href":"https:\/\/www.caririemacao.com\/1\/wp-json\/wp\/v2\/tags?post=49345"}],"curies":[{"name":"wp","href":"https:\/\/api.w.org\/{rel}","templated":true}]}}