{"id":49392,"date":"2018-04-28T21:22:37","date_gmt":"2018-04-29T00:22:37","guid":{"rendered":"http:\/\/caririemacao.com\/1\/?p=49392"},"modified":"2018-04-28T21:22:37","modified_gmt":"2018-04-29T00:22:37","slug":"clinica-wanderley-diagnosticos-divulga-agenda-dos-profissionais-para-o-mes-de-maio","status":"publish","type":"post","link":"https:\/\/www.caririemacao.com\/1\/2018\/04\/28\/clinica-wanderley-diagnosticos-divulga-agenda-dos-profissionais-para-o-mes-de-maio\/","title":{"rendered":"Cl\u00ednica Wanderley Diagn\u00f3sticos divulga agenda dos profissionais para o m\u00eas de maio"},"content":{"rendered":"<p>A Cl\u00ednica Wanderley Diagnosticos com sua unidade na cidade de Monteiro, no Cariri Paraibano, divulgou agenda dos profissionais que estar\u00e3o atendendo durante o m\u00eas de maio.<\/p>\n<p><strong>CONFIRA OS ATENDIMENTO M\u00c9DICO NA CL\u00cdNICA WANDERLEY DIAGN\u00d3STICOS:<\/strong><\/p>\n<table style=\"height: 1034px;\" width=\"456\">\n<tbody>\n<tr>\n<td width=\"64\">\n<p style=\"text-align: center;\"><strong>DATA<\/strong><\/p>\n<\/td>\n<td width=\"371\">\n<p style=\"text-align: center;\"><strong>M\u00c9DICOS E ESPECIALIDADES<\/strong><\/p>\n<\/td>\n<\/tr>\n<tr>\n<td width=\"64\">02\/05<\/td>\n<td width=\"371\">DRA. ANA HAVILA (NUTRICIONISTA)<\/td>\n<\/tr>\n<tr>\n<td width=\"64\">03\/05<\/td>\n<td width=\"371\">DR. HAMILTON MONTEIRO (GINECOLOGISTA)<\/td>\n<\/tr>\n<tr>\n<td width=\"64\">03\/05<\/td>\n<td width=\"371\">DR. SEVERINO (GINECOLOGISTA)<\/td>\n<\/tr>\n<tr>\n<td width=\"64\">04\/05<\/td>\n<td width=\"371\">DR. BRUNO BRILHANTE (ORTOPEDISTA)<\/td>\n<\/tr>\n<tr>\n<td width=\"64\">05\/05<\/td>\n<td width=\"371\">DR. RENATO GRANJEIRO (NEUROLOGISTA)<\/td>\n<\/tr>\n<tr>\n<td width=\"64\">09\/05<\/td>\n<td width=\"371\">DR. MARCOS WAGNER (NEUROLOGISTA)<\/td>\n<\/tr>\n<tr>\n<td width=\"64\">10\/05<\/td>\n<td width=\"371\">DR. ANTONIO (ENDOCRINOLOGISTA)<\/td>\n<\/tr>\n<tr>\n<td width=\"64\">16\/05<\/td>\n<td width=\"371\">DRA. HERMANA (DERMATOLOGISTA)<\/td>\n<\/tr>\n<tr>\n<td width=\"64\">16\/05<\/td>\n<td width=\"371\">DR. DANIEL (UROLOGISTA)<\/td>\n<\/tr>\n<tr>\n<td width=\"64\">16\/05<\/td>\n<td width=\"371\">DR. MARCOS WAGNER (NEUROLOGISTA)<\/td>\n<\/tr>\n<tr>\n<td width=\"64\">16\/05<\/td>\n<td width=\"371\">DR. ARISTOTELES (ORTOPEDISTA)<\/td>\n<\/tr>\n<tr>\n<td width=\"64\">18\/05<\/td>\n<td width=\"371\">DRA. LIGIA (DERMATOLOGISTA)<\/td>\n<\/tr>\n<tr>\n<td width=\"64\">19\/05<\/td>\n<td width=\"371\">DR. BELCHIOR (VASCULAR)<\/td>\n<\/tr>\n<tr>\n<td width=\"64\">23\/05<\/td>\n<td width=\"371\">DR. MARCOS WAGNER (NEUROLOGISTA)<\/td>\n<\/tr>\n<tr>\n<td width=\"64\">24\/05<\/td>\n<td width=\"371\">DR. ROGERIO PINTO (OTORRINO)<\/td>\n<\/tr>\n<tr>\n<td width=\"64\">09\/06<\/td>\n<td width=\"371\">DR. BRENO (VASCULAR)<\/td>\n<\/tr>\n<\/tbody>\n<\/table>\n<p><strong>CARIRI EM A\u00c7\u00c3O<\/strong><\/p>\n<p><strong>Leia mais not\u00edcias em\u00a0<\/strong><a style=\"font-style: inherit; font-weight: inherit;\" href=\"http:\/\/www.caririemacao.com\/\"><strong style=\"font-style: inherit;\">caririemacao.com<\/strong><\/a><strong style=\"font-style: inherit;\">, siga nossa p\u00e1gina no\u00a0<\/strong><a style=\"font-style: inherit; font-weight: inherit;\" href=\"https:\/\/www.facebook.com\/CaririEmAcao\/?ref=aymt_homepage_panel\"><strong style=\"font-style: inherit;\">Facebook<\/strong><\/a>,<strong style=\"font-style: inherit;\">\u00a0<\/strong><a style=\"font-style: inherit; font-weight: inherit;\" href=\"https:\/\/www.instagram.com\/cariri_em_acao\/?hl=pt-br\"><strong style=\"font-style: inherit;\">Instagram<\/strong><\/a><strong style=\"font-style: inherit;\">\u00a0e\u00a0<\/strong><a style=\"font-style: inherit; font-weight: inherit;\" href=\"https:\/\/www.youtube.com\/channel\/UCAptA0jQuYQy8vMhLt2m4qg\"><strong style=\"font-style: inherit;\">Youtube<\/strong><\/a><strong style=\"font-style: inherit;\">\u00a0e veja nossas mat\u00e9rias, v\u00eddeos e fotos. Voc\u00ea tamb\u00e9m pode enviar informa\u00e7\u00f5es \u00e0 Reda\u00e7\u00e3o do Portal Cariri em A\u00e7\u00e3o pelo WhatsApp (83) 9 9634.5791, (83) 9 9601-1162.<\/strong><\/p>\n","protected":false},"excerpt":{"rendered":"<p>A Cl\u00ednica Wanderley Diagnosticos com sua unidade na cidade de Monteiro, no Cariri Paraibano, divulgou agenda dos profissionais que estar\u00e3o atendendo durante o m\u00eas de&hellip; <\/p>\n","protected":false},"author":2,"featured_media":49390,"comment_status":"closed","ping_status":"closed","sticky":false,"template":"","format":"standard","meta":{"sfsi_plus_gutenberg_text_before_share":"","sfsi_plus_gutenberg_show_text_before_share":"","sfsi_plus_gutenberg_icon_type":"","sfsi_plus_gutenberg_icon_alignemt":"","sfsi_plus_gutenburg_max_per_row":"","footnotes":""},"categories":[2],"tags":[],"class_list":["post-49392","post","type-post","status-publish","format-standard","has-post-thumbnail","hentry","category-geral"],"_links":{"self":[{"href":"https:\/\/www.caririemacao.com\/1\/wp-json\/wp\/v2\/posts\/49392","targetHints":{"allow":["GET"]}}],"collection":[{"href":"https:\/\/www.caririemacao.com\/1\/wp-json\/wp\/v2\/posts"}],"about":[{"href":"https:\/\/www.caririemacao.com\/1\/wp-json\/wp\/v2\/types\/post"}],"author":[{"embeddable":true,"href":"https:\/\/www.caririemacao.com\/1\/wp-json\/wp\/v2\/users\/2"}],"replies":[{"embeddable":true,"href":"https:\/\/www.caririemacao.com\/1\/wp-json\/wp\/v2\/comments?post=49392"}],"version-history":[{"count":0,"href":"https:\/\/www.caririemacao.com\/1\/wp-json\/wp\/v2\/posts\/49392\/revisions"}],"wp:featuredmedia":[{"embeddable":true,"href":"https:\/\/www.caririemacao.com\/1\/wp-json\/wp\/v2\/media\/49390"}],"wp:attachment":[{"href":"https:\/\/www.caririemacao.com\/1\/wp-json\/wp\/v2\/media?parent=49392"}],"wp:term":[{"taxonomy":"category","embeddable":true,"href":"https:\/\/www.caririemacao.com\/1\/wp-json\/wp\/v2\/categories?post=49392"},{"taxonomy":"post_tag","embeddable":true,"href":"https:\/\/www.caririemacao.com\/1\/wp-json\/wp\/v2\/tags?post=49392"}],"curies":[{"name":"wp","href":"https:\/\/api.w.org\/{rel}","templated":true}]}}