{"id":49397,"date":"2018-04-28T22:11:51","date_gmt":"2018-04-29T01:11:51","guid":{"rendered":"http:\/\/caririemacao.com\/1\/?p=49397"},"modified":"2018-04-28T22:11:51","modified_gmt":"2018-04-29T01:11:51","slug":"presidente-da-camara-de-sao-joao-do-tigre-destaca-acoes-do-governo-ricardo-coutinho","status":"publish","type":"post","link":"https:\/\/www.caririemacao.com\/1\/2018\/04\/28\/presidente-da-camara-de-sao-joao-do-tigre-destaca-acoes-do-governo-ricardo-coutinho\/","title":{"rendered":"Presidente da C\u00e2mara de S\u00e3o Jo\u00e3o do Tigre destaca a\u00e7\u00f5es do governo Ricardo Coutinho"},"content":{"rendered":"<p>Em entrevista ao programa Cariri em A\u00e7\u00e3o veiculado neste s\u00e1bado, dia 28, direto da sede da C\u00e2mara Municipal de S\u00e3o Jo\u00e3o do Tigre, o presidente Arn\u00f3bio Pereira falou da import\u00e2ncia do Or\u00e7amento Democr\u00e1tico e de v\u00e1rias a\u00e7\u00f5es que o governo estadual vem realizando na regi\u00e3o.<\/p>\n<p>Ele citou as estradas do Anel Vi\u00e1rio do Cariri, adutora de Camala\u00fa e tantas a\u00e7\u00f5es que v\u00eam beneficiando a cidade de S\u00e3o Jo\u00e3o do Tigre.<\/p>\n<p>O programa apresentado pelos radialistas Marivaldo Alc\u00e2ntara e Gutyelson Henrik tamb\u00e9m entrevistou os prefeitos C\u00e9lio Barbosa (S\u00e3o Jo\u00e3o do Tigre) e Adriano Wolff (S\u00e3o Sebasti\u00e3o do Umbuzeiro), o secret\u00e1rio estadual do Or\u00e7amento Democr\u00e1tico, Givanildo Pereira, Iteragil, representante da Secret\u00e1rios de Recursos H\u00eddricos e conselheiros estaduais das 14 regi\u00f5es geoadministrativa da Para\u00edba que estiveram na regi\u00e3o do Cariri desde esta sexta-feira, dia 27, participando de reuni\u00f5es do OD nas cidades de S\u00e3o Sebasti\u00e3o do Umbuzeiro e S\u00e3o Jo\u00e3o do Tigre.<\/p>\n<p><strong>CARIRI EM A\u00c7\u00c3O<\/strong><\/p>\n<p>Leia mais not\u00edcias em\u00a0caririemacao.com, siga nossa p\u00e1gina no\u00a0Facebook,\u00a0Instagram\u00a0e\u00a0Youtube\u00a0e veja nossas mat\u00e9rias, v\u00eddeos e fotos. Voc\u00ea tamb\u00e9m pode enviar informa\u00e7\u00f5es \u00e0 Reda\u00e7\u00e3o do Portal Cariri em A\u00e7\u00e3o pelo WhatsApp (83) 9 9634.5791, (83) 9 9601-1162.<\/p>\n","protected":false},"excerpt":{"rendered":"<p>Em entrevista ao programa Cariri em A\u00e7\u00e3o veiculado neste s\u00e1bado, dia 28, direto da sede da C\u00e2mara Municipal de S\u00e3o Jo\u00e3o do Tigre, o presidente&hellip; <\/p>\n","protected":false},"author":2,"featured_media":49398,"comment_status":"closed","ping_status":"closed","sticky":false,"template":"","format":"standard","meta":{"sfsi_plus_gutenberg_text_before_share":"","sfsi_plus_gutenberg_show_text_before_share":"","sfsi_plus_gutenberg_icon_type":"","sfsi_plus_gutenberg_icon_alignemt":"","sfsi_plus_gutenburg_max_per_row":"","footnotes":""},"categories":[11],"tags":[],"class_list":["post-49397","post","type-post","status-publish","format-standard","has-post-thumbnail","hentry","category-politica"],"_links":{"self":[{"href":"https:\/\/www.caririemacao.com\/1\/wp-json\/wp\/v2\/posts\/49397","targetHints":{"allow":["GET"]}}],"collection":[{"href":"https:\/\/www.caririemacao.com\/1\/wp-json\/wp\/v2\/posts"}],"about":[{"href":"https:\/\/www.caririemacao.com\/1\/wp-json\/wp\/v2\/types\/post"}],"author":[{"embeddable":true,"href":"https:\/\/www.caririemacao.com\/1\/wp-json\/wp\/v2\/users\/2"}],"replies":[{"embeddable":true,"href":"https:\/\/www.caririemacao.com\/1\/wp-json\/wp\/v2\/comments?post=49397"}],"version-history":[{"count":0,"href":"https:\/\/www.caririemacao.com\/1\/wp-json\/wp\/v2\/posts\/49397\/revisions"}],"wp:featuredmedia":[{"embeddable":true,"href":"https:\/\/www.caririemacao.com\/1\/wp-json\/wp\/v2\/media\/49398"}],"wp:attachment":[{"href":"https:\/\/www.caririemacao.com\/1\/wp-json\/wp\/v2\/media?parent=49397"}],"wp:term":[{"taxonomy":"category","embeddable":true,"href":"https:\/\/www.caririemacao.com\/1\/wp-json\/wp\/v2\/categories?post=49397"},{"taxonomy":"post_tag","embeddable":true,"href":"https:\/\/www.caririemacao.com\/1\/wp-json\/wp\/v2\/tags?post=49397"}],"curies":[{"name":"wp","href":"https:\/\/api.w.org\/{rel}","templated":true}]}}