{"id":49400,"date":"2018-04-28T23:34:15","date_gmt":"2018-04-29T02:34:15","guid":{"rendered":"http:\/\/caririemacao.com\/1\/?p=49400"},"modified":"2018-04-28T23:55:39","modified_gmt":"2018-04-29T02:55:39","slug":"cidades-do-cariri-sediam-reunioes-do-conselho-estadual-do-orcamento-democratico","status":"publish","type":"post","link":"https:\/\/www.caririemacao.com\/1\/2018\/04\/28\/cidades-do-cariri-sediam-reunioes-do-conselho-estadual-do-orcamento-democratico\/","title":{"rendered":"Cidades do Cariri sediam reuni\u00f5es do Conselho Estadual do Or\u00e7amento Democr\u00e1tico"},"content":{"rendered":"<p>Durante dois dias, quase 30 conselheiros estaduais estiveram no Cariri participando de reuni\u00f5es do Conselho Estadual do OD, representando as 14 regi\u00f5es geoadministrativa do Or\u00e7amento Democr\u00e1tico da Para\u00edba.<\/p>\n<p>O encontro, que \u00e9 realizado bimestralmente em diferentes regi\u00f5es da Para\u00edba, desta vez, foi realizada na regi\u00e3o do Cariri Ocidental, especificamente em duas cidades, S\u00e3o Sebasti\u00e3o do Umbuzeiro e S\u00e3o Jo\u00e3o do Tigre.<\/p>\n<p>As reuni\u00f5es foram iniciadas nesta sexta-feira, dia 27, na cidade de S\u00e3o Sebasti\u00e3o do Umbuzeiro e encerraram-se em S\u00e3o Jo\u00e3o do Tigre, neste s\u00e1bado, dia 28.<\/p>\n<p><a href=\"http:\/\/caririemacao.com\/1\/?attachment_id=49405\" rel=\"attachment wp-att-49405\"><img fetchpriority=\"high\" decoding=\"async\" class=\"aligncenter size-full wp-image-49405\" src=\"http:\/\/caririemacao.com\/1\/wp-content\/uploads\/2018\/04\/DSC_0027.jpg\" alt=\"\" width=\"1000\" height=\"667\" srcset=\"https:\/\/www.caririemacao.com\/1\/wp-content\/uploads\/2018\/04\/DSC_0027.jpg 1000w, https:\/\/www.caririemacao.com\/1\/wp-content\/uploads\/2018\/04\/DSC_0027-300x200.jpg 300w, https:\/\/www.caririemacao.com\/1\/wp-content\/uploads\/2018\/04\/DSC_0027-768x512.jpg 768w\" sizes=\"(max-width: 1000px) 100vw, 1000px\" \/><\/a><\/p>\n<p>Na cidade de S\u00e3o Sebasti\u00e3o do Umbuzeiro, os conselheiros foram recebidos pelo prefeito Adriano Wolff, pelo vice-prefeito, Chico Mariano, e vereadores.<\/p>\n<p><a href=\"http:\/\/caririemacao.com\/1\/?attachment_id=49407\" rel=\"attachment wp-att-49407\"><img decoding=\"async\" class=\"aligncenter size-full wp-image-49407 lazyload\" data-src=\"http:\/\/caririemacao.com\/1\/wp-content\/uploads\/2018\/04\/DSC_0066.jpg\" alt=\"\" width=\"1000\" height=\"667\" data-srcset=\"https:\/\/www.caririemacao.com\/1\/wp-content\/uploads\/2018\/04\/DSC_0066.jpg 1000w, https:\/\/www.caririemacao.com\/1\/wp-content\/uploads\/2018\/04\/DSC_0066-300x200.jpg 300w, https:\/\/www.caririemacao.com\/1\/wp-content\/uploads\/2018\/04\/DSC_0066-768x512.jpg 768w\" data-sizes=\"(max-width: 1000px) 100vw, 1000px\" src=\"data:image\/svg+xml;base64,PHN2ZyB3aWR0aD0iMSIgaGVpZ2h0PSIxIiB4bWxucz0iaHR0cDovL3d3dy53My5vcmcvMjAwMC9zdmciPjwvc3ZnPg==\" style=\"--smush-placeholder-width: 1000px; --smush-placeholder-aspect-ratio: 1000\/667;\" \/><\/a><\/p>\n<p>Na ocasi\u00e3o, o prefeito Adriano deu as boas-vindas a todos os conselheiros e disse que o Cariri estava de portas abertas para receber todos.<\/p>\n<p><a href=\"http:\/\/caririemacao.com\/1\/?attachment_id=49406\" rel=\"attachment wp-att-49406\"><img decoding=\"async\" class=\"aligncenter size-full wp-image-49406 lazyload\" data-src=\"http:\/\/caririemacao.com\/1\/wp-content\/uploads\/2018\/04\/DSC_0234.jpg\" alt=\"\" width=\"1000\" height=\"667\" data-srcset=\"https:\/\/www.caririemacao.com\/1\/wp-content\/uploads\/2018\/04\/DSC_0234.jpg 1000w, https:\/\/www.caririemacao.com\/1\/wp-content\/uploads\/2018\/04\/DSC_0234-300x200.jpg 300w, https:\/\/www.caririemacao.com\/1\/wp-content\/uploads\/2018\/04\/DSC_0234-768x512.jpg 768w\" data-sizes=\"(max-width: 1000px) 100vw, 1000px\" src=\"data:image\/svg+xml;base64,PHN2ZyB3aWR0aD0iMSIgaGVpZ2h0PSIxIiB4bWxucz0iaHR0cDovL3d3dy53My5vcmcvMjAwMC9zdmciPjwvc3ZnPg==\" style=\"--smush-placeholder-width: 1000px; --smush-placeholder-aspect-ratio: 1000\/667;\" \/><\/a><\/p>\n<p>Em S\u00e3o Jo\u00e3o do Tigre, o prefeito C\u00e9lio Barbosa juntamente com sua equipe organizou uma grande recep\u00e7\u00e3o para saudar a visita dos conselheiros e do secret\u00e1rio estadual do OD, Givanildo Pereira.<\/p>\n<p><a href=\"http:\/\/caririemacao.com\/1\/?attachment_id=49408\" rel=\"attachment wp-att-49408\"><img decoding=\"async\" class=\"aligncenter size-full wp-image-49408 lazyload\" data-src=\"http:\/\/caririemacao.com\/1\/wp-content\/uploads\/2018\/04\/DSC_0356.jpg\" alt=\"\" width=\"1000\" height=\"667\" data-srcset=\"https:\/\/www.caririemacao.com\/1\/wp-content\/uploads\/2018\/04\/DSC_0356.jpg 1000w, https:\/\/www.caririemacao.com\/1\/wp-content\/uploads\/2018\/04\/DSC_0356-300x200.jpg 300w, https:\/\/www.caririemacao.com\/1\/wp-content\/uploads\/2018\/04\/DSC_0356-768x512.jpg 768w\" data-sizes=\"(max-width: 1000px) 100vw, 1000px\" src=\"data:image\/svg+xml;base64,PHN2ZyB3aWR0aD0iMSIgaGVpZ2h0PSIxIiB4bWxucz0iaHR0cDovL3d3dy53My5vcmcvMjAwMC9zdmciPjwvc3ZnPg==\" style=\"--smush-placeholder-width: 1000px; --smush-placeholder-aspect-ratio: 1000\/667;\" \/><\/a><\/p>\n<p>Al\u00e9m de participar de reuni\u00f5es, os conselheiros tamb\u00e9m acompanharam o programa Cariri em A\u00e7\u00e3o que foi ao ar na manh\u00e3 deste s\u00e1bado, direto da sede da C\u00e2mara Municipal de S\u00e3o Jo\u00e3o do Tigre, atrav\u00e9s do Provedor CPNet.<\/p>\n<p><a href=\"http:\/\/caririemacao.com\/1\/?attachment_id=49409\" rel=\"attachment wp-att-49409\"><img decoding=\"async\" class=\"aligncenter size-full wp-image-49409 lazyload\" data-src=\"http:\/\/caririemacao.com\/1\/wp-content\/uploads\/2018\/04\/DSC_0337.jpg\" alt=\"\" width=\"1000\" height=\"667\" data-srcset=\"https:\/\/www.caririemacao.com\/1\/wp-content\/uploads\/2018\/04\/DSC_0337.jpg 1000w, https:\/\/www.caririemacao.com\/1\/wp-content\/uploads\/2018\/04\/DSC_0337-300x200.jpg 300w, https:\/\/www.caririemacao.com\/1\/wp-content\/uploads\/2018\/04\/DSC_0337-768x512.jpg 768w\" data-sizes=\"(max-width: 1000px) 100vw, 1000px\" src=\"data:image\/svg+xml;base64,PHN2ZyB3aWR0aD0iMSIgaGVpZ2h0PSIxIiB4bWxucz0iaHR0cDovL3d3dy53My5vcmcvMjAwMC9zdmciPjwvc3ZnPg==\" style=\"--smush-placeholder-width: 1000px; --smush-placeholder-aspect-ratio: 1000\/667;\" \/><\/a><\/p>\n<p>As conselheiras Aparecida (Aparecida \u2013 regi\u00e3o de Sousa), Alcideni (Sum\u00e9 \u2013 regi\u00e3o de Sum\u00e9), Severina (Itabaiana) e C\u00e9lia (Areia &#8211;\u00a0 regi\u00e3o de Campina Grande) participaram do programa ao vivo e relataram suas experi\u00eancias no OD e as prioridades para suas regi\u00f5es.<\/p>\n<p><div class=\"ose- ose-uid-fab065c52f153f7dd117f6aca1995c97 ose-embedpress-responsive\" style=\"width:600px; height:550px; max-height:550px; max-width:100%; display:inline-block;\" data-embed-type=\"Facebook\"><iframe allowFullScreen=\"true\" class=\"embera-facebook-iframe-fab06 lazyload\" data-src=\"https:\/\/www.facebook.com\/plugins\/post.php?href=https%3A%2F%2Fwww.facebook.com%2FCaririEmAcao%2Fvideos%2F1231430870326267%2FUzpfSTEzOTQ0NTU4ODA3NzE1MDQ6MjAyNzQyNDkyNzQ3NDU5Mw%2F&width=600&height=550&show_text=true\" width=\"600\" height=\"550\" style=\"border:none;overflow:hidden\" scrolling=\"no\" frameborder=\"0\" allowTransparency=\"true\" src=\"data:image\/svg+xml;base64,PHN2ZyB3aWR0aD0iMSIgaGVpZ2h0PSIxIiB4bWxucz0iaHR0cDovL3d3dy53My5vcmcvMjAwMC9zdmciPjwvc3ZnPg==\" data-load-mode=\"1\"><\/iframe><\/div><\/p>\n<p>Em seguida, eles foram visitar trechos da Transposi\u00e7\u00e3o do Rio S\u00e3o Francisco na regi\u00e3o do Cariri.<\/p>\n<p><strong>Confira a rela\u00e7\u00e3o dos conselheiros que participaram das reuni\u00f5es no Cariri.<\/strong><\/p>\n<table>\n<tbody>\n<tr>\n<td width=\"206\"><strong>Regi\u00e3o<\/strong><\/td>\n<td width=\"371\"><strong>\u00a0Conselheiros<\/strong><\/td>\n<\/tr>\n<tr>\n<td width=\"206\">1\u00aa REGI\u00c3O \u2013 JO\u00c3O PESSOA<\/td>\n<td width=\"371\">\u00b7\u00a0\u00a0\u00a0\u00a0\u00a0\u00a0\u00a0\u00a0 Heronido<\/p>\n<p>\u00b7\u00a0\u00a0\u00a0\u00a0\u00a0\u00a0\u00a0\u00a0 \u00cdndio Professor<\/td>\n<\/tr>\n<tr>\n<td width=\"206\">2\u00aa REGI\u00c3O \u2013 GUARABIRA<\/td>\n<td width=\"371\">\u00b7\u00a0\u00a0\u00a0\u00a0\u00a0\u00a0\u00a0\u00a0 Edson<\/p>\n<p>\u00b7\u00a0\u00a0\u00a0\u00a0\u00a0\u00a0\u00a0\u00a0 Rosana<\/td>\n<\/tr>\n<tr>\n<td width=\"206\">3\u00aa REGI\u00c3O \u2013 CAMPINA GRANDE<\/td>\n<td width=\"371\">\u00b7\u00a0\u00a0\u00a0\u00a0\u00a0\u00a0\u00a0\u00a0 C\u00e9lia<\/p>\n<p>\u00b7\u00a0\u00a0\u00a0\u00a0\u00a0\u00a0\u00a0\u00a0 Amauri<\/td>\n<\/tr>\n<tr>\n<td width=\"206\">4\u00aa REGI\u00c3O \u2013 CUIT\u00c9<\/td>\n<td width=\"371\">\u00b7\u00a0\u00a0\u00a0\u00a0\u00a0\u00a0\u00a0\u00a0 Roberto<\/p>\n<p>\u00b7\u00a0\u00a0\u00a0\u00a0\u00a0\u00a0\u00a0\u00a0 Adelma<\/td>\n<\/tr>\n<tr>\n<td width=\"206\">5\u00aa REGI\u00c3O \u2013 MONTEIRO<\/td>\n<td width=\"371\">\u00b7\u00a0\u00a0\u00a0\u00a0\u00a0\u00a0\u00a0\u00a0 Marivaldo<\/p>\n<p>\u00b7\u00a0\u00a0\u00a0\u00a0\u00a0\u00a0\u00a0\u00a0 Alcideni<\/td>\n<\/tr>\n<tr>\n<td width=\"206\">6\u00aa REGI\u00c3O \u2013 PATOS<\/td>\n<td width=\"371\">\u00b7\u00a0\u00a0\u00a0\u00a0\u00a0\u00a0\u00a0\u00a0 Sem representa\u00e7\u00e3o<\/p>\n<p>\u00b7<\/td>\n<\/tr>\n<tr>\n<td width=\"206\">7\u00aa REGI\u00c3O \u2013 ITAPORANGA<\/td>\n<td width=\"371\">\u00b7\u00a0\u00a0\u00a0\u00a0\u00a0\u00a0\u00a0\u00a0 Ivanilda<\/p>\n<p>\u00b7<\/td>\n<\/tr>\n<tr>\n<td width=\"206\">8\u00aa REGI\u00c3O \u2013 CATOL\u00c9 DO ROCHA<\/td>\n<td width=\"371\">\u00b7\u00a0\u00a0\u00a0\u00a0\u00a0\u00a0\u00a0\u00a0 Joelma<\/p>\n<p>\u00b7\u00a0\u00a0\u00a0\u00a0\u00a0\u00a0\u00a0\u00a0 Vanda<\/td>\n<\/tr>\n<tr>\n<td width=\"206\">9\u00aa REGI\u00c3O \u2013 CAJAZEIRAS<\/td>\n<td width=\"371\">\u00b7\u00a0\u00a0\u00a0\u00a0\u00a0\u00a0\u00a0\u00a0 Valter<\/p>\n<p>\u00b7\u00a0\u00a0\u00a0\u00a0\u00a0\u00a0\u00a0\u00a0 Petr\u00f4nio<\/td>\n<\/tr>\n<tr>\n<td width=\"206\">10\u00aa REGI\u00c3O \u2013 SOUSA<\/td>\n<td width=\"371\">\u00b7\u00a0\u00a0\u00a0\u00a0\u00a0\u00a0\u00a0\u00a0 Aparecida<\/p>\n<p>\u00b7<\/td>\n<\/tr>\n<tr>\n<td width=\"206\">11\u00aa REGI\u00c3O \u2013 PRINCESA ISABEL<\/td>\n<td width=\"371\">\u00b7\u00a0\u00a0\u00a0\u00a0\u00a0\u00a0\u00a0\u00a0 In\u00e1cio<\/p>\n<p>\u00b7\u00a0\u00a0\u00a0\u00a0\u00a0\u00a0\u00a0\u00a0 Ivan<\/td>\n<\/tr>\n<tr>\n<td width=\"206\">12\u00aa REGI\u00c3O \u2013 ITABAIANA<\/td>\n<td width=\"371\">\u00b7\u00a0\u00a0\u00a0\u00a0\u00a0\u00a0\u00a0\u00a0 Severina<\/p>\n<p>\u00b7\u00a0\u00a0\u00a0\u00a0\u00a0\u00a0\u00a0\u00a0 Fl\u00e1via<\/td>\n<\/tr>\n<tr>\n<td width=\"206\">13\u00aa REGI\u00c3O \u2013 POMBAL<\/td>\n<td width=\"371\">\u00b7\u00a0\u00a0\u00a0\u00a0\u00a0\u00a0\u00a0\u00a0 Paulo<\/p>\n<p>\u00b7\u00a0\u00a0\u00a0\u00a0\u00a0\u00a0\u00a0\u00a0 Maria Benigne<\/td>\n<\/tr>\n<tr>\n<td width=\"206\">14\u00aa REGI\u00c3O \u2013 MAMANGUAPE<\/td>\n<td width=\"371\">\u00b7\u00a0\u00a0\u00a0\u00a0\u00a0\u00a0\u00a0\u00a0 Carlos<\/p>\n<p>\u00b7\u00a0\u00a0\u00a0\u00a0\u00a0\u00a0\u00a0\u00a0 Maria das Dores<\/td>\n<\/tr>\n<\/tbody>\n<\/table>\n<p><a href=\"https:\/\/www.facebook.com\/pg\/CaririEmAcao\/photos\/?tab=album&amp;album_id=1231152743687413\"><strong>Veja Fotos da reuni\u00e3o em S\u00e3o Sebasti\u00e3o do Umbuzeiro<\/strong><\/a><\/p>\n<p><a href=\"https:\/\/www.facebook.com\/302749469861083\/photos\/?tab=album&amp;album_id=1231820953620592\"><strong>Veja Fotos da reuni\u00e3o em S\u00e3o Jo\u00e3o do Tigre<\/strong><\/a><\/p>\n<p><strong>CARIRI EM A\u00c7\u00c3O<\/strong><\/p>\n<p>Leia mais not\u00edcias em\u00a0caririemacao.com, siga nossa p\u00e1gina no\u00a0Facebook,\u00a0Instagram\u00a0e\u00a0Youtube\u00a0e veja nossas mat\u00e9rias, v\u00eddeos e fotos. Voc\u00ea tamb\u00e9m pode enviar informa\u00e7\u00f5es \u00e0 Reda\u00e7\u00e3o do Portal Cariri em A\u00e7\u00e3o pelo WhatsApp (83) 9 9634.5791, (83) 9 9601-1162.<\/p>\n","protected":false},"excerpt":{"rendered":"<p>Durante dois dias, quase 30 conselheiros estaduais estiveram no Cariri participando de reuni\u00f5es do Conselho Estadual do OD, representando as 14 regi\u00f5es geoadministrativa do Or\u00e7amento&hellip; <\/p>\n","protected":false},"author":2,"featured_media":49403,"comment_status":"closed","ping_status":"closed","sticky":false,"template":"","format":"standard","meta":{"sfsi_plus_gutenberg_text_before_share":"","sfsi_plus_gutenberg_show_text_before_share":"","sfsi_plus_gutenberg_icon_type":"","sfsi_plus_gutenberg_icon_alignemt":"","sfsi_plus_gutenburg_max_per_row":"","footnotes":""},"categories":[2],"tags":[],"class_list":["post-49400","post","type-post","status-publish","format-standard","has-post-thumbnail","hentry","category-geral"],"_links":{"self":[{"href":"https:\/\/www.caririemacao.com\/1\/wp-json\/wp\/v2\/posts\/49400","targetHints":{"allow":["GET"]}}],"collection":[{"href":"https:\/\/www.caririemacao.com\/1\/wp-json\/wp\/v2\/posts"}],"about":[{"href":"https:\/\/www.caririemacao.com\/1\/wp-json\/wp\/v2\/types\/post"}],"author":[{"embeddable":true,"href":"https:\/\/www.caririemacao.com\/1\/wp-json\/wp\/v2\/users\/2"}],"replies":[{"embeddable":true,"href":"https:\/\/www.caririemacao.com\/1\/wp-json\/wp\/v2\/comments?post=49400"}],"version-history":[{"count":0,"href":"https:\/\/www.caririemacao.com\/1\/wp-json\/wp\/v2\/posts\/49400\/revisions"}],"wp:featuredmedia":[{"embeddable":true,"href":"https:\/\/www.caririemacao.com\/1\/wp-json\/wp\/v2\/media\/49403"}],"wp:attachment":[{"href":"https:\/\/www.caririemacao.com\/1\/wp-json\/wp\/v2\/media?parent=49400"}],"wp:term":[{"taxonomy":"category","embeddable":true,"href":"https:\/\/www.caririemacao.com\/1\/wp-json\/wp\/v2\/categories?post=49400"},{"taxonomy":"post_tag","embeddable":true,"href":"https:\/\/www.caririemacao.com\/1\/wp-json\/wp\/v2\/tags?post=49400"}],"curies":[{"name":"wp","href":"https:\/\/api.w.org\/{rel}","templated":true}]}}