{"id":49413,"date":"2018-04-28T23:48:07","date_gmt":"2018-04-29T02:48:07","guid":{"rendered":"http:\/\/caririemacao.com\/1\/?p=49413"},"modified":"2018-04-28T23:50:40","modified_gmt":"2018-04-29T02:50:40","slug":"amparo-realiza-jericada-nas-comemoracoes-dos-24-anos","status":"publish","type":"post","link":"https:\/\/www.caririemacao.com\/1\/2018\/04\/28\/amparo-realiza-jericada-nas-comemoracoes-dos-24-anos\/","title":{"rendered":"Amparo realiza Jericada durante as comemora\u00e7\u00f5es dos 24 anos"},"content":{"rendered":"<p>A programa\u00e7\u00e3o festiva ao anivers\u00e1rio da cidade de Amparo que estar\u00e1 neste domingo, dia 29, fazendo 24 anos, teve in\u00edcio nesta sexta-feira, dia 27, e neste s\u00e1bado contou com a tradicional Jericada.<\/p>\n<p>Dezenas de jegues participaram da Jericada. Confira os vencedores.<\/p>\n<p><strong>Categoria apenas para Jumentos Amparenses:<\/strong><\/p>\n<ol>\n<li>Furac\u00e3o (Propriet\u00e1rio Roberto);<\/li>\n<li>Foguetinho (Propriet\u00e1rio V\u00e9i);<\/li>\n<li>Farinha (Propriet\u00e1rio Chiquinho).<\/li>\n<\/ol>\n<p><strong>Categoria apenas para Jumentos de outras cidades:<\/strong><\/p>\n<ol>\n<li>Jegue da Tomate (Prata-PB);<\/li>\n<li>Sivuca (Ouro Velho);<\/li>\n<li>Pimenta (Ouro Velho).<\/li>\n<\/ol>\n<p><a href=\"https:\/\/www.facebook.com\/pg\/CaririEmAcao\/photos\/?tab=album&amp;album_id=1231860733616614\">VEJA FOTOS DA JERICADA 2018 EM AMPARO<\/a><\/p>\n<p><strong>CARIRI EM A\u00c7\u00c3O<\/strong><\/p>\n<p>Leia mais not\u00edcias em\u00a0caririemacao.com, siga nossa p\u00e1gina no\u00a0Facebook,\u00a0Instagram\u00a0e\u00a0Youtube\u00a0e veja nossas mat\u00e9rias, v\u00eddeos e fotos. Voc\u00ea tamb\u00e9m pode enviar informa\u00e7\u00f5es \u00e0 Reda\u00e7\u00e3o do Portal Cariri em A\u00e7\u00e3o pelo WhatsApp (83) 9 9634.5791, (83) 9 9601-1162.<\/p>\n","protected":false},"excerpt":{"rendered":"<p>A programa\u00e7\u00e3o festiva ao anivers\u00e1rio da cidade de Amparo que estar\u00e1 neste domingo, dia 29, fazendo 24 anos, teve in\u00edcio nesta sexta-feira, dia 27, e&hellip; <\/p>\n","protected":false},"author":2,"featured_media":49414,"comment_status":"closed","ping_status":"closed","sticky":false,"template":"","format":"standard","meta":{"sfsi_plus_gutenberg_text_before_share":"","sfsi_plus_gutenberg_show_text_before_share":"","sfsi_plus_gutenberg_icon_type":"","sfsi_plus_gutenberg_icon_alignemt":"","sfsi_plus_gutenburg_max_per_row":"","footnotes":""},"categories":[6],"tags":[],"class_list":["post-49413","post","type-post","status-publish","format-standard","has-post-thumbnail","hentry","category-cidades"],"_links":{"self":[{"href":"https:\/\/www.caririemacao.com\/1\/wp-json\/wp\/v2\/posts\/49413","targetHints":{"allow":["GET"]}}],"collection":[{"href":"https:\/\/www.caririemacao.com\/1\/wp-json\/wp\/v2\/posts"}],"about":[{"href":"https:\/\/www.caririemacao.com\/1\/wp-json\/wp\/v2\/types\/post"}],"author":[{"embeddable":true,"href":"https:\/\/www.caririemacao.com\/1\/wp-json\/wp\/v2\/users\/2"}],"replies":[{"embeddable":true,"href":"https:\/\/www.caririemacao.com\/1\/wp-json\/wp\/v2\/comments?post=49413"}],"version-history":[{"count":0,"href":"https:\/\/www.caririemacao.com\/1\/wp-json\/wp\/v2\/posts\/49413\/revisions"}],"wp:featuredmedia":[{"embeddable":true,"href":"https:\/\/www.caririemacao.com\/1\/wp-json\/wp\/v2\/media\/49414"}],"wp:attachment":[{"href":"https:\/\/www.caririemacao.com\/1\/wp-json\/wp\/v2\/media?parent=49413"}],"wp:term":[{"taxonomy":"category","embeddable":true,"href":"https:\/\/www.caririemacao.com\/1\/wp-json\/wp\/v2\/categories?post=49413"},{"taxonomy":"post_tag","embeddable":true,"href":"https:\/\/www.caririemacao.com\/1\/wp-json\/wp\/v2\/tags?post=49413"}],"curies":[{"name":"wp","href":"https:\/\/api.w.org\/{rel}","templated":true}]}}