{"id":49420,"date":"2018-04-29T01:04:58","date_gmt":"2018-04-29T04:04:58","guid":{"rendered":"http:\/\/caririemacao.com\/1\/?p=49420"},"modified":"2018-04-29T07:54:14","modified_gmt":"2018-04-29T10:54:14","slug":"capital-do-amor-e-da-fe-vivencia-segundo-dia-dos-festejos-de-emancipacao-politica","status":"publish","type":"post","link":"https:\/\/www.caririemacao.com\/1\/2018\/04\/29\/capital-do-amor-e-da-fe-vivencia-segundo-dia-dos-festejos-de-emancipacao-politica\/","title":{"rendered":"Capital do amor e da f\u00e9 vivencia segundo dia dos festejos de emancipa\u00e7\u00e3o pol\u00edtica"},"content":{"rendered":"<p>O Munic\u00edpio de Amparo que celebra 24 anos de emancipa\u00e7\u00e3o pol\u00edtica vivenciou neste s\u00e1bado (28), mais um dia de programa\u00e7\u00e3o alusiva ao aniversario da cidade. Os festejos come\u00e7aram por volta das 15:00, como uma grande corrida de jegue, foi batizada carinhosamente de \u201cJericada\u201d. Na oportunidade, foi registrado a presen\u00e7a de v\u00e1rios competidores do munic\u00edpio e cidades circunvizinhas.<\/p>\n<p><a href=\"http:\/\/caririemacao.com\/1\/?attachment_id=49430\" rel=\"attachment wp-att-49430\"><img fetchpriority=\"high\" decoding=\"async\" class=\"aligncenter size-full wp-image-49430\" src=\"http:\/\/caririemacao.com\/1\/wp-content\/uploads\/2018\/04\/IMG_7273-1.jpg\" alt=\"\" width=\"800\" height=\"533\" srcset=\"https:\/\/www.caririemacao.com\/1\/wp-content\/uploads\/2018\/04\/IMG_7273-1.jpg 800w, https:\/\/www.caririemacao.com\/1\/wp-content\/uploads\/2018\/04\/IMG_7273-1-300x200.jpg 300w, https:\/\/www.caririemacao.com\/1\/wp-content\/uploads\/2018\/04\/IMG_7273-1-768x512.jpg 768w\" sizes=\"(max-width: 800px) 100vw, 800px\" \/><\/a><\/p>\n<p>J\u00e1 por volta das 18:30h foi celebrado uma Missa em A\u00e7\u00e3o de Gra\u00e7as, pelos 24 anos de emancipa\u00e7\u00e3o pol\u00edtica do munic\u00edpio. A missa foi celebrada pelo p\u00e1roco da Par\u00f3quia Nossa Senhora do Ros\u00e1rio,\u00a0 padre Eude Gomes.<\/p>\n<p>Estiveram participando da Santa Missa, o prefeito do munic\u00edpio, In\u00e1cio N\u00f3brega,\u00a0 acompanhado dos seus secret\u00e1rios, vereadores al\u00e9m de membros da equipe de governo.<\/p>\n<p><a href=\"http:\/\/caririemacao.com\/1\/?attachment_id=49422\" rel=\"attachment wp-att-49422\"><img decoding=\"async\" class=\"aligncenter size-full wp-image-49422 lazyload\" data-src=\"http:\/\/caririemacao.com\/1\/wp-content\/uploads\/2018\/04\/DSC_0014.jpg\" alt=\"\" width=\"800\" height=\"533\" data-srcset=\"https:\/\/www.caririemacao.com\/1\/wp-content\/uploads\/2018\/04\/DSC_0014.jpg 800w, https:\/\/www.caririemacao.com\/1\/wp-content\/uploads\/2018\/04\/DSC_0014-300x200.jpg 300w, https:\/\/www.caririemacao.com\/1\/wp-content\/uploads\/2018\/04\/DSC_0014-768x512.jpg 768w\" data-sizes=\"(max-width: 800px) 100vw, 800px\" src=\"data:image\/svg+xml;base64,PHN2ZyB3aWR0aD0iMSIgaGVpZ2h0PSIxIiB4bWxucz0iaHR0cDovL3d3dy53My5vcmcvMjAwMC9zdmciPjwvc3ZnPg==\" style=\"--smush-placeholder-width: 800px; --smush-placeholder-aspect-ratio: 800\/533;\" \/><\/a><\/p>\n<p>Ap\u00f3s o encerramento da Santa Missa, o prefeito In\u00e1cio N\u00f3brega acompanhado de amigos, se dirigiu \u00e0 pra\u00e7a central, onde foi realizada a premia\u00e7\u00e3o dos vencedores, tanto da primeira \u2018Jericada\u2019 (realizada neste s\u00e1bado), bem como, da Exposi\u00e7\u00e3o e Gincana (realizadas no dia nesta sexta, 27 de abril), intitulada de \u201cSustentabilidade Econ\u00f4mica financeira e Ambiental do munic\u00edpio de Amparo\u201d.<\/p>\n<p><a href=\"http:\/\/caririemacao.com\/1\/?attachment_id=49433\" rel=\"attachment wp-att-49433\"><img decoding=\"async\" class=\"aligncenter size-full wp-image-49433 lazyload\" data-src=\"http:\/\/caririemacao.com\/1\/wp-content\/uploads\/2018\/04\/IMG_7506.jpg\" alt=\"\" width=\"800\" height=\"533\" data-srcset=\"https:\/\/www.caririemacao.com\/1\/wp-content\/uploads\/2018\/04\/IMG_7506.jpg 800w, https:\/\/www.caririemacao.com\/1\/wp-content\/uploads\/2018\/04\/IMG_7506-300x200.jpg 300w, https:\/\/www.caririemacao.com\/1\/wp-content\/uploads\/2018\/04\/IMG_7506-768x512.jpg 768w\" data-sizes=\"(max-width: 800px) 100vw, 800px\" src=\"data:image\/svg+xml;base64,PHN2ZyB3aWR0aD0iMSIgaGVpZ2h0PSIxIiB4bWxucz0iaHR0cDovL3d3dy53My5vcmcvMjAwMC9zdmciPjwvc3ZnPg==\" style=\"--smush-placeholder-width: 800px; --smush-placeholder-aspect-ratio: 800\/533;\" \/><\/a><\/p>\n<p>Ainda durante a noite, In\u00e1cio N\u00f3brega, ao lado do deputado federal R\u00f4mulo Gouveia, secret\u00e1rios de governo e vereadores, inaugurou a reforma da Pra\u00e7a Miguel Pereira.<\/p>\n<p><a href=\"http:\/\/caririemacao.com\/1\/?attachment_id=49432\" rel=\"attachment wp-att-49432\"><img decoding=\"async\" class=\"aligncenter size-full wp-image-49432 lazyload\" data-src=\"http:\/\/caririemacao.com\/1\/wp-content\/uploads\/2018\/04\/IMG_7441-1.jpg\" alt=\"\" width=\"800\" height=\"533\" data-srcset=\"https:\/\/www.caririemacao.com\/1\/wp-content\/uploads\/2018\/04\/IMG_7441-1.jpg 800w, https:\/\/www.caririemacao.com\/1\/wp-content\/uploads\/2018\/04\/IMG_7441-1-300x200.jpg 300w, https:\/\/www.caririemacao.com\/1\/wp-content\/uploads\/2018\/04\/IMG_7441-1-768x512.jpg 768w\" data-sizes=\"(max-width: 800px) 100vw, 800px\" src=\"data:image\/svg+xml;base64,PHN2ZyB3aWR0aD0iMSIgaGVpZ2h0PSIxIiB4bWxucz0iaHR0cDovL3d3dy53My5vcmcvMjAwMC9zdmciPjwvc3ZnPg==\" style=\"--smush-placeholder-width: 800px; --smush-placeholder-aspect-ratio: 800\/533;\" \/><\/a><\/p>\n<p>Na oportunidade, ainda foi registrada a presen\u00e7a de uma comiss\u00e3o de estudantes universit\u00e1rios, que solicitarou do deputado federal R\u00f4mulo Gouveia, recursos destinados \u00e0 compra de um \u00f4nibus rodovi\u00e1rio para transportar os universit\u00e1rios do munic\u00edpio.<\/p>\n<p><a href=\"http:\/\/caririemacao.com\/1\/?attachment_id=49426\" rel=\"attachment wp-att-49426\"><img decoding=\"async\" class=\"aligncenter size-full wp-image-49426 lazyload\" data-src=\"http:\/\/caririemacao.com\/1\/wp-content\/uploads\/2018\/04\/IMG_7411-1.jpg\" alt=\"\" width=\"800\" height=\"533\" data-srcset=\"https:\/\/www.caririemacao.com\/1\/wp-content\/uploads\/2018\/04\/IMG_7411-1.jpg 800w, https:\/\/www.caririemacao.com\/1\/wp-content\/uploads\/2018\/04\/IMG_7411-1-300x200.jpg 300w, https:\/\/www.caririemacao.com\/1\/wp-content\/uploads\/2018\/04\/IMG_7411-1-768x512.jpg 768w\" data-sizes=\"(max-width: 800px) 100vw, 800px\" src=\"data:image\/svg+xml;base64,PHN2ZyB3aWR0aD0iMSIgaGVpZ2h0PSIxIiB4bWxucz0iaHR0cDovL3d3dy53My5vcmcvMjAwMC9zdmciPjwvc3ZnPg==\" style=\"--smush-placeholder-width: 800px; --smush-placeholder-aspect-ratio: 800\/533;\" \/><\/a><\/p>\n<p>Ap\u00f3s a solenidade de inaugura\u00e7\u00e3o foi dado in\u00edcio aos shows em pra\u00e7a p\u00fablica, encerrando assim o segundo dia de programa\u00e7\u00e3o.<\/p>\n<p><strong>Veja toda cobertura fotogr\u00e1fico\u00a0<\/strong><\/p>\n<p><a href=\"https:\/\/www.facebook.com\/pg\/CaririEmAcao\/photos\/?tab=album&amp;album_id=1231860733616614\">Jericada 2018<\/a><\/p>\n<p><a href=\"https:\/\/www.facebook.com\/pg\/CaririEmAcao\/photos\/?tab=album&amp;album_id=1231865533616134\">Missa em de Gra\u00e7as pelos 24 anos de Emancipa\u00e7\u00e3o de Amparo<\/a><\/p>\n<p><strong>CARIRI EM A\u00c7\u00c3O<\/strong><\/p>\n<p><strong>Leia mais not\u00edcias em\u00a0<\/strong><a href=\"http:\/\/www.caririemacao.com\/\"><strong>caririemacao.com<\/strong><\/a><strong>, siga nossa p\u00e1gina no\u00a0<\/strong><a href=\"https:\/\/www.facebook.com\/CaririEmAcao\/?ref=aymt_homepage_panel\"><strong>Facebook<\/strong><\/a>,<strong>\u00a0<\/strong><a href=\"https:\/\/www.instagram.com\/cariri_em_acao\/?hl=pt-br\"><strong>Instagram<\/strong><\/a><strong>\u00a0e <\/strong><a href=\"https:\/\/www.youtube.com\/channel\/UCAptA0jQuYQy8vMhLt2m4qg\"><strong>Youtube<\/strong><\/a><strong>\u00a0e veja nossas mat\u00e9rias, v\u00eddeos e fotos. Voc\u00ea tamb\u00e9m pode enviar informa\u00e7\u00f5es \u00e0 Reda\u00e7\u00e3o do Portal Cariri em A\u00e7\u00e3o pelo WhatsApp (83) 9 9634.5791, (83) 9 9601-1162.<\/strong><\/p>\n","protected":false},"excerpt":{"rendered":"<p>O Munic\u00edpio de Amparo que celebra 24 anos de emancipa\u00e7\u00e3o pol\u00edtica vivenciou neste s\u00e1bado (28), mais um dia de programa\u00e7\u00e3o alusiva ao aniversario da cidade.&hellip; <\/p>\n","protected":false},"author":2,"featured_media":49421,"comment_status":"closed","ping_status":"closed","sticky":false,"template":"","format":"standard","meta":{"sfsi_plus_gutenberg_text_before_share":"","sfsi_plus_gutenberg_show_text_before_share":"","sfsi_plus_gutenberg_icon_type":"","sfsi_plus_gutenberg_icon_alignemt":"","sfsi_plus_gutenburg_max_per_row":"","footnotes":""},"categories":[2],"tags":[],"class_list":["post-49420","post","type-post","status-publish","format-standard","has-post-thumbnail","hentry","category-geral"],"_links":{"self":[{"href":"https:\/\/www.caririemacao.com\/1\/wp-json\/wp\/v2\/posts\/49420","targetHints":{"allow":["GET"]}}],"collection":[{"href":"https:\/\/www.caririemacao.com\/1\/wp-json\/wp\/v2\/posts"}],"about":[{"href":"https:\/\/www.caririemacao.com\/1\/wp-json\/wp\/v2\/types\/post"}],"author":[{"embeddable":true,"href":"https:\/\/www.caririemacao.com\/1\/wp-json\/wp\/v2\/users\/2"}],"replies":[{"embeddable":true,"href":"https:\/\/www.caririemacao.com\/1\/wp-json\/wp\/v2\/comments?post=49420"}],"version-history":[{"count":0,"href":"https:\/\/www.caririemacao.com\/1\/wp-json\/wp\/v2\/posts\/49420\/revisions"}],"wp:featuredmedia":[{"embeddable":true,"href":"https:\/\/www.caririemacao.com\/1\/wp-json\/wp\/v2\/media\/49421"}],"wp:attachment":[{"href":"https:\/\/www.caririemacao.com\/1\/wp-json\/wp\/v2\/media?parent=49420"}],"wp:term":[{"taxonomy":"category","embeddable":true,"href":"https:\/\/www.caririemacao.com\/1\/wp-json\/wp\/v2\/categories?post=49420"},{"taxonomy":"post_tag","embeddable":true,"href":"https:\/\/www.caririemacao.com\/1\/wp-json\/wp\/v2\/tags?post=49420"}],"curies":[{"name":"wp","href":"https:\/\/api.w.org\/{rel}","templated":true}]}}