{"id":49435,"date":"2018-04-29T01:11:52","date_gmt":"2018-04-29T04:11:52","guid":{"rendered":"http:\/\/caririemacao.com\/1\/?p=49435"},"modified":"2018-04-29T01:13:21","modified_gmt":"2018-04-29T04:13:21","slug":"amparo-encerra-segundo-dia-do-festejo-de-emancipacao-politica-com-show-em-praca-publica","status":"publish","type":"post","link":"https:\/\/www.caririemacao.com\/1\/2018\/04\/29\/amparo-encerra-segundo-dia-do-festejo-de-emancipacao-politica-com-show-em-praca-publica\/","title":{"rendered":"Amparo encerra segundo dia dos festejos de emancipa\u00e7\u00e3o pol\u00edtica com show em pra\u00e7a p\u00fablica"},"content":{"rendered":"<p>O munic\u00edpio de Amparo, encerrou na noite desta deste s\u00e1bado (28), o segundo dia de programa\u00e7\u00e3o alusiva aos festejos de anivers\u00e1rio da cidade, com grande show em pra\u00e7a p\u00fablica.<\/p>\n<p>Animou o segundo dia de festa os cantores: Flavinho e Charles do grupo Voz e Viol\u00e3o, (o momento foi prestigiado pelo deputado federal, R\u00f4mulo Gouveia, que esteve acompanhado do vice-prefeito da cidade de Ouro Velho, Fl\u00e1vio Henrique e tamb\u00e9m do secret\u00e1rio de obras\u00a0<span class=\"fwn fcg\"><span class=\"fcg\"><span class=\"fwb\"><span class=\"highlightNode\">Wender<\/span><\/span>\u00a0<\/span><\/span>Nunes).<\/p>\n<p>A festa de emancipa\u00e7\u00e3o pol\u00edtica do munic\u00edpio de Amparo, ter\u00e1 seu ponto alto, neste domingo 29, dia em que, o munic\u00edpio celebra 24 anos de emancipa\u00e7\u00e3o pol\u00edtica.<\/p>\n<p>Confira a programa\u00e7\u00e3o:<\/p>\n<p>08h- Hasteamento das Bandeiras;<\/p>\n<p>09h- Feira de sa\u00fade s\u00f3cio assistencial;<\/p>\n<p>15:30-\u00a0 Final do campeonato amparense de futebol;<\/p>\n<p>22h- Show em pra\u00e7a p\u00fablica com Mercinho e Forr\u00f3 Canto da Serra;<\/p>\n<p>00:00h-Show com Forr\u00f3 Gente Boa de Camala\u00fa.<\/p>\n<p><strong>Veja fotos do evento<\/strong><\/p>\n<p><a href=\"https:\/\/www.facebook.com\/pg\/CaririEmAcao\/photos\/?tab=album&amp;album_id=1231887993613888\">Flavinho e Charles e Grupo voz e viol\u00e3o fazem show em Amparo<\/a><\/p>\n<p><strong>CARIRI EM A\u00c7\u00c3O<\/strong><\/p>\n<p><strong>Leia mais not\u00edcias em\u00a0<\/strong><a href=\"http:\/\/www.caririemacao.com\/\"><strong>caririemacao.com<\/strong><\/a><strong>, siga nossa p\u00e1gina no\u00a0<\/strong><a href=\"https:\/\/www.facebook.com\/CaririEmAcao\/?ref=aymt_homepage_panel\"><strong>Facebook<\/strong><\/a>,<strong>\u00a0<\/strong><a href=\"https:\/\/www.instagram.com\/cariri_em_acao\/?hl=pt-br\"><strong>Instagram<\/strong><\/a><strong>\u00a0e <\/strong><a href=\"https:\/\/www.youtube.com\/channel\/UCAptA0jQuYQy8vMhLt2m4qg\"><strong>Youtube<\/strong><\/a><strong>\u00a0e veja nossas mat\u00e9rias, v\u00eddeos e fotos. Voc\u00ea tamb\u00e9m pode enviar informa\u00e7\u00f5es \u00e0 Reda\u00e7\u00e3o do Portal Cariri em A\u00e7\u00e3o pelo WhatsApp (83) 9 9634.5791, (83) 9 9601-1162.<\/strong><\/p>\n<p>&nbsp;<\/p>\n","protected":false},"excerpt":{"rendered":"<p>O munic\u00edpio de Amparo, encerrou na noite desta deste s\u00e1bado (28), o segundo dia de programa\u00e7\u00e3o alusiva aos festejos de anivers\u00e1rio da cidade, com grande&hellip; <\/p>\n","protected":false},"author":2,"featured_media":49436,"comment_status":"closed","ping_status":"closed","sticky":false,"template":"","format":"standard","meta":{"sfsi_plus_gutenberg_text_before_share":"","sfsi_plus_gutenberg_show_text_before_share":"","sfsi_plus_gutenberg_icon_type":"","sfsi_plus_gutenberg_icon_alignemt":"","sfsi_plus_gutenburg_max_per_row":"","footnotes":""},"categories":[6],"tags":[],"class_list":["post-49435","post","type-post","status-publish","format-standard","has-post-thumbnail","hentry","category-cidades"],"_links":{"self":[{"href":"https:\/\/www.caririemacao.com\/1\/wp-json\/wp\/v2\/posts\/49435","targetHints":{"allow":["GET"]}}],"collection":[{"href":"https:\/\/www.caririemacao.com\/1\/wp-json\/wp\/v2\/posts"}],"about":[{"href":"https:\/\/www.caririemacao.com\/1\/wp-json\/wp\/v2\/types\/post"}],"author":[{"embeddable":true,"href":"https:\/\/www.caririemacao.com\/1\/wp-json\/wp\/v2\/users\/2"}],"replies":[{"embeddable":true,"href":"https:\/\/www.caririemacao.com\/1\/wp-json\/wp\/v2\/comments?post=49435"}],"version-history":[{"count":0,"href":"https:\/\/www.caririemacao.com\/1\/wp-json\/wp\/v2\/posts\/49435\/revisions"}],"wp:featuredmedia":[{"embeddable":true,"href":"https:\/\/www.caririemacao.com\/1\/wp-json\/wp\/v2\/media\/49436"}],"wp:attachment":[{"href":"https:\/\/www.caririemacao.com\/1\/wp-json\/wp\/v2\/media?parent=49435"}],"wp:term":[{"taxonomy":"category","embeddable":true,"href":"https:\/\/www.caririemacao.com\/1\/wp-json\/wp\/v2\/categories?post=49435"},{"taxonomy":"post_tag","embeddable":true,"href":"https:\/\/www.caririemacao.com\/1\/wp-json\/wp\/v2\/tags?post=49435"}],"curies":[{"name":"wp","href":"https:\/\/api.w.org\/{rel}","templated":true}]}}