{"id":49446,"date":"2018-04-29T08:32:06","date_gmt":"2018-04-29T11:32:06","guid":{"rendered":"http:\/\/caririemacao.com\/1\/?p=49446"},"modified":"2018-04-29T08:32:06","modified_gmt":"2018-04-29T11:32:06","slug":"lindbergh-quer-investigacao-por-tiros-em-acampamento-pro-lula","status":"publish","type":"post","link":"https:\/\/www.caririemacao.com\/1\/2018\/04\/29\/lindbergh-quer-investigacao-por-tiros-em-acampamento-pro-lula\/","title":{"rendered":"Lindbergh quer investiga\u00e7\u00e3o por tiros em acampamento pr\u00f3-Lula"},"content":{"rendered":"<p>O l\u00edder do PT no Senado, Lindbergh Farias (PT-RJ), disse em Curitiba, na tarde deste s\u00e1bado (28), esperar que policiais e bombeiros sejam investigados pelos\u00a0tiros disparados contra um acampamento que re\u00fane manifestantes favor\u00e1veis ao ex-presidente Luiz In\u00e1cio Lula da Silva (PT).<\/p>\n<p>De acordo com o senador, a mudan\u00e7a nas regras que permitem o porte de pistolas 9mm ampliou o leque de pessoas que podem ter esse tipo de armamento no pa\u00eds, de forma legal. Seis c\u00e1psulas do armamento foram recolhidas pela pol\u00edcia no acampamento.<\/p>\n<p>&#8220;Quem foi que comprou essas armas nesse per\u00edodo aqui no Brasil? Porque essa portaria \u00e9 de 8 de agosto de 2017. Tem uma rela\u00e7\u00e3o das pessoas que compraram essas armas. Tem que investigar por a\u00ed&#8221;, acredita.<\/p>\n<p>Para o senador, a pol\u00edcia precisa fazer um levantamento de quem est\u00e1 atualmente com esse tipo de arma no pa\u00eds. &#8220;Tem que analisar todas as hip\u00f3teses. Veio de fora? Teve algumas que foram roubadas?&#8221;, questiona.<\/p>\n<p>Durante a madrugada, uma pessoa ainda n\u00e3o identificada disparou contra o acampamento. Duas pessoas ficaram feridas. O caso est\u00e1 sob investiga\u00e7\u00e3o da Pol\u00edcia Civil, a cargo da Delegacia de Homic\u00eddios e Prote\u00e7\u00e3o a Pessoa (DHPP), de Curitiba.<\/p>\n<p>O petista diz que pediu ao ministro de Seguran\u00e7a P\u00fablica, Raul Jungmann, que as investiga\u00e7\u00f5es sejam feitas pela Pol\u00edcia Federal. A Secretaria de Seguran\u00e7a P\u00fablica do Paran\u00e1 preferiu n\u00e3o comentar as declara\u00e7\u00f5es do senador.<\/p>\n<p>Lindbergh afirmou ainda que ir\u00e1 dormir esta noite no acampamento alvo do ataque, que fica a cerca de um quil\u00f4metro da sede da Pol\u00edcia Federal.<\/p>\n<p><strong>MARIELLE<\/strong><\/p>\n<p>Farias lembra que o tipo de armamento usado no ataque ao acampamento \u00e9 o mesmo que matou a vereadora do Rio de Janeiro Marielle Franco (PSOL) e o motorista dela, Anderson Gomes, em mar\u00e7o deste ano.<\/p>\n<p>&#8220;[Foi] o mesmo tipo de pistola, o mesmo tipo de calibre que atiraram contra Mariele e Anderson, o tipo de pistola que era exclusividade das For\u00e7as Armadas e da Pol\u00edcia Federal e que, em agosto do ano passado [2017] ampliaram para as outras pol\u00edcias comprarem tamb\u00e9m&#8221;, diz.<\/p>\n<p>O senador tamb\u00e9m foi questionado pela reportagem sobre uma poss\u00edvel transfer\u00eancia de Lula, atualmente detido na carceragem da Pol\u00edcia Federal, em Curitiba, para outro local. Ele afirmou que quem precisa definir essa quest\u00e3o s\u00e3o os advogados dele e que n\u00e3o poderia opinar a respeito.<\/p>\n<p><strong>REPERCUSS\u00c3O<\/strong><\/p>\n<p>Presidenci\u00e1veis tamb\u00e9m condenaram neste s\u00e1bado o ataque. Ciro Gomes (PDT) pediu que a pol\u00edcia esclare\u00e7a o caso e traga \u00e0 justi\u00e7a os respons\u00e1veis. &#8220;A falta de puni\u00e7\u00e3o para quem assassinou a vereadora Marielle Franco e para quem atacou o \u00f4nibus da caravana do ex-presidente Lula tamb\u00e9m no Paran\u00e1 \u00e9 que permite que crimes como esses se repitam&#8221;, escreveu em rede social.<\/p>\n<p>&#8220;N\u00e3o podemos tolerar que a viol\u00eancia seja usada como forma de express\u00e3o de antagonismos na pol\u00edtica.&#8221;<\/p>\n<p>A pr\u00e9-candidata \u00e0 Presid\u00eancia Manuela D&#8217;\u00e1vila (PCdoB) afirmou que os tiros s\u00e3o uma amea\u00e7a \u00e0 democracia. &#8220;No Brasil que eu quero viver tiros n\u00e3o s\u00e3o disparados contra quem faz pol\u00edtica&#8221;, escreveu em rede social. Ela tamb\u00e9m cobrou um posicionamento do pr\u00e9-candidato Jair Bolsonaro (PSL).<\/p>\n<p>Guilherme Boulos (PSOL), que tamb\u00e9m concorre ao Planalto, chamou o epis\u00f3dio de &#8220;absurdo&#8221;. &#8220;Nossa solidariedade aos militantes e exigimos puni\u00e7\u00e3o dos respons\u00e1veis. \u00c9 preciso barrar a escalada de viol\u00eancia no Brasil.<\/p>\n<p><strong>CARIRI EM A\u00c7\u00c3O<\/strong><\/p>\n<p>Com Folhapress\/Foto:\u00a0Ag\u00eancia Senado<\/p>\n<p>Leia mais not\u00edcias em\u00a0caririemacao.com, siga nossa p\u00e1gina no\u00a0Facebook,\u00a0Instagram\u00a0e\u00a0Youtube\u00a0e veja nossas mat\u00e9rias, v\u00eddeos e fotos. Voc\u00ea tamb\u00e9m pode enviar informa\u00e7\u00f5es \u00e0 Reda\u00e7\u00e3o do Portal Cariri em A\u00e7\u00e3o pelo WhatsApp (83) 9 9634.5791, (83) 9 9601-1162.<\/p>\n","protected":false},"excerpt":{"rendered":"<p>O l\u00edder do PT no Senado, Lindbergh Farias (PT-RJ), disse em Curitiba, na tarde deste s\u00e1bado (28), esperar que policiais e bombeiros sejam investigados pelos\u00a0tiros&hellip; <\/p>\n","protected":false},"author":2,"featured_media":49447,"comment_status":"closed","ping_status":"closed","sticky":false,"template":"","format":"standard","meta":{"sfsi_plus_gutenberg_text_before_share":"","sfsi_plus_gutenberg_show_text_before_share":"","sfsi_plus_gutenberg_icon_type":"","sfsi_plus_gutenberg_icon_alignemt":"","sfsi_plus_gutenburg_max_per_row":"","footnotes":""},"categories":[11],"tags":[],"class_list":["post-49446","post","type-post","status-publish","format-standard","has-post-thumbnail","hentry","category-politica"],"_links":{"self":[{"href":"https:\/\/www.caririemacao.com\/1\/wp-json\/wp\/v2\/posts\/49446","targetHints":{"allow":["GET"]}}],"collection":[{"href":"https:\/\/www.caririemacao.com\/1\/wp-json\/wp\/v2\/posts"}],"about":[{"href":"https:\/\/www.caririemacao.com\/1\/wp-json\/wp\/v2\/types\/post"}],"author":[{"embeddable":true,"href":"https:\/\/www.caririemacao.com\/1\/wp-json\/wp\/v2\/users\/2"}],"replies":[{"embeddable":true,"href":"https:\/\/www.caririemacao.com\/1\/wp-json\/wp\/v2\/comments?post=49446"}],"version-history":[{"count":0,"href":"https:\/\/www.caririemacao.com\/1\/wp-json\/wp\/v2\/posts\/49446\/revisions"}],"wp:featuredmedia":[{"embeddable":true,"href":"https:\/\/www.caririemacao.com\/1\/wp-json\/wp\/v2\/media\/49447"}],"wp:attachment":[{"href":"https:\/\/www.caririemacao.com\/1\/wp-json\/wp\/v2\/media?parent=49446"}],"wp:term":[{"taxonomy":"category","embeddable":true,"href":"https:\/\/www.caririemacao.com\/1\/wp-json\/wp\/v2\/categories?post=49446"},{"taxonomy":"post_tag","embeddable":true,"href":"https:\/\/www.caririemacao.com\/1\/wp-json\/wp\/v2\/tags?post=49446"}],"curies":[{"name":"wp","href":"https:\/\/api.w.org\/{rel}","templated":true}]}}