{"id":49454,"date":"2018-04-29T08:46:09","date_gmt":"2018-04-29T11:46:09","guid":{"rendered":"http:\/\/caririemacao.com\/1\/?p=49454"},"modified":"2018-04-29T08:46:09","modified_gmt":"2018-04-29T11:46:09","slug":"lula-escreve-nova-carta-na-prisao-e-sugere-que-moro-desacata-o-stf","status":"publish","type":"post","link":"https:\/\/www.caririemacao.com\/1\/2018\/04\/29\/lula-escreve-nova-carta-na-prisao-e-sugere-que-moro-desacata-o-stf\/","title":{"rendered":"Lula escreve nova carta na pris\u00e3o e sugere que Moro desacata o STF"},"content":{"rendered":"<p><span class=\"news_capital_letter\">O\u00a0<\/span>ex-presidente Luiz In\u00e1cio Lula da Silva escreveu uma nova carta na pris\u00e3o, em que volta a criticar atos do juiz federal Sergio Moro e da for\u00e7a-tarefa da Lava Jato.<\/p>\n<p>\u201cQue pa\u00eds \u00e9 esse em que uma inst\u00e2ncia inferior desacata a superior, em que um juiz de primeira inst\u00e2ncia desacata os ministros da suprema corte?\u201d, diz trecho do texto.<\/p>\n<p>De acordo com a coluna Painel, do jornal Folha de S. Paulo, a mensagem foi entregue \u00e0 presidente do partido, Gleisi Hoffmann, na \u00faltima sexta-feira (27) &#8211; um dia ap\u00f3s o magistrado de Curitiba informar que aguardaria publica\u00e7\u00e3o de ac\u00f3rd\u00e3o do Supremo Tribunal Federal (STF) para s\u00f3 ent\u00e3o decidir sobre a eventual remessa de processos contra Lula para a Justi\u00e7a Federal em S\u00e3o Paulo.<\/p>\n<p>Outro trecho da carta recha\u00e7a a ideia de que o PT possa lan\u00e7ar nome alternativo a Lula como candidato ao Planalto. \u201cQuando falei para o diret\u00f3rio agir com liberdade era pra evitar ideia de que o partido \u00e9 ref\u00e9m do Lula. S\u00f3 isso\u201d, diz ele.<\/p>\n<p><strong>CARIRI EM A\u00c7\u00c3O<\/strong><\/p>\n<p>Com Noticia ao Minuto\/Foto: Reprodu\u00e7\u00e3o google<\/p>\n<p>Leia mais not\u00edcias em\u00a0caririemacao.com, siga nossa p\u00e1gina no\u00a0Facebook,\u00a0Instagram\u00a0e\u00a0Youtube\u00a0e veja nossas mat\u00e9rias, v\u00eddeos e fotos. Voc\u00ea tamb\u00e9m pode enviar informa\u00e7\u00f5es \u00e0 Reda\u00e7\u00e3o do Portal Cariri em A\u00e7\u00e3o pelo WhatsApp (83) 9 9634.5791, (83) 9 9601-1162.<\/p>\n","protected":false},"excerpt":{"rendered":"<p>O\u00a0ex-presidente Luiz In\u00e1cio Lula da Silva escreveu uma nova carta na pris\u00e3o, em que volta a criticar atos do juiz federal Sergio Moro e da&hellip; <\/p>\n","protected":false},"author":2,"featured_media":49455,"comment_status":"closed","ping_status":"closed","sticky":false,"template":"","format":"standard","meta":{"sfsi_plus_gutenberg_text_before_share":"","sfsi_plus_gutenberg_show_text_before_share":"","sfsi_plus_gutenberg_icon_type":"","sfsi_plus_gutenberg_icon_alignemt":"","sfsi_plus_gutenburg_max_per_row":"","footnotes":""},"categories":[11],"tags":[],"class_list":["post-49454","post","type-post","status-publish","format-standard","has-post-thumbnail","hentry","category-politica"],"_links":{"self":[{"href":"https:\/\/www.caririemacao.com\/1\/wp-json\/wp\/v2\/posts\/49454","targetHints":{"allow":["GET"]}}],"collection":[{"href":"https:\/\/www.caririemacao.com\/1\/wp-json\/wp\/v2\/posts"}],"about":[{"href":"https:\/\/www.caririemacao.com\/1\/wp-json\/wp\/v2\/types\/post"}],"author":[{"embeddable":true,"href":"https:\/\/www.caririemacao.com\/1\/wp-json\/wp\/v2\/users\/2"}],"replies":[{"embeddable":true,"href":"https:\/\/www.caririemacao.com\/1\/wp-json\/wp\/v2\/comments?post=49454"}],"version-history":[{"count":0,"href":"https:\/\/www.caririemacao.com\/1\/wp-json\/wp\/v2\/posts\/49454\/revisions"}],"wp:featuredmedia":[{"embeddable":true,"href":"https:\/\/www.caririemacao.com\/1\/wp-json\/wp\/v2\/media\/49455"}],"wp:attachment":[{"href":"https:\/\/www.caririemacao.com\/1\/wp-json\/wp\/v2\/media?parent=49454"}],"wp:term":[{"taxonomy":"category","embeddable":true,"href":"https:\/\/www.caririemacao.com\/1\/wp-json\/wp\/v2\/categories?post=49454"},{"taxonomy":"post_tag","embeddable":true,"href":"https:\/\/www.caririemacao.com\/1\/wp-json\/wp\/v2\/tags?post=49454"}],"curies":[{"name":"wp","href":"https:\/\/api.w.org\/{rel}","templated":true}]}}