{"id":49457,"date":"2018-04-29T08:47:55","date_gmt":"2018-04-29T11:47:55","guid":{"rendered":"http:\/\/caririemacao.com\/1\/?p=49457"},"modified":"2018-04-29T08:47:55","modified_gmt":"2018-04-29T11:47:55","slug":"tucanos-mantem-apoio-a-aecio-e-nao-pensam-em-expulsar-senador-do-psdb","status":"publish","type":"post","link":"https:\/\/www.caririemacao.com\/1\/2018\/04\/29\/tucanos-mantem-apoio-a-aecio-e-nao-pensam-em-expulsar-senador-do-psdb\/","title":{"rendered":"Tucanos mant\u00eam apoio a A\u00e9cio e n\u00e3o pensam em expulsar senador do PSDB"},"content":{"rendered":"<p><span class=\"news_capital_letter\">O<\/span>s membros da Executiva Nacional do PSDB permanecem ao lado do senador A\u00e9cio Neves (MG), mesmo ap\u00f3s o parlamentar se tornar r\u00e9u no Supremo Tribunal Federal (STF).<\/p>\n<p>Segundo enquete feita pelo jornal Folha de S. Paulo, 12 dos 41 membros da c\u00fapula do partido contatados afirmaram n\u00e3o ver motivos para a expuls\u00e3o do parlamentar. Os tucanos tamb\u00e9m avaliaram que o pr\u00f3prio senador deve decidir, junto ao diret\u00f3rio estadual mineiro, sobre uma eventual candidatura neste ano.<\/p>\n<p>\u201cSe os partidos forem expulsar todo mundo aqui [na C\u00e2mara] que \u00e9 r\u00e9u, n\u00e3o sobra muita gente\u201d, disse o l\u00edder do PSDB na Casa, Nilson Leit\u00e3o (MS). Para ele, A\u00e9cio deve ter uma chance de se defender perante a Justi\u00e7a.<\/p>\n<p>Outros 28 integrantes da Executiva negaram comentar sobre o assunto, e somente o prefeito de Manaus (AM), Arthur Virg\u00edlio Neto, apinou contra o senador mineiro. \u201cSe o PSDB tivesse uma comiss\u00e3o de \u00e9tica que funcionasse e n\u00e3o fosse uma reuni\u00e3o de compadres, eu acho que deveria, sim. Na verdade, ele deveria tomar a atitude de sair, mas n\u00e3o sendo o caso, a comiss\u00e3o de \u00e9tica tinha que tomar essa atitude.\u201d<\/p>\n<p>A reportagem n\u00e3o contactou A\u00e9cio, tamb\u00e9m membro da c\u00fapula do PSDB. Outros cinco integrantes do grupo n\u00e3o foram localizados.<\/p>\n<p><strong>CARIRI EM A\u00c7\u00c3O<\/strong><\/p>\n<p>Com Noticias ao Minuto\/Foto:\u00a0Noticias ao Minuto<\/p>\n<p>Leia mais not\u00edcias em\u00a0caririemacao.com, siga nossa p\u00e1gina no\u00a0Facebook,\u00a0Instagram\u00a0e\u00a0Youtube\u00a0e veja nossas mat\u00e9rias, v\u00eddeos e fotos. Voc\u00ea tamb\u00e9m pode enviar informa\u00e7\u00f5es \u00e0 Reda\u00e7\u00e3o do Portal Cariri em A\u00e7\u00e3o pelo WhatsApp (83) 9 9634.5791, (83) 9 9601-1162.<\/p>\n","protected":false},"excerpt":{"rendered":"<p>Os membros da Executiva Nacional do PSDB permanecem ao lado do senador A\u00e9cio Neves (MG), mesmo ap\u00f3s o parlamentar se tornar r\u00e9u no Supremo Tribunal&hellip; <\/p>\n","protected":false},"author":2,"featured_media":49458,"comment_status":"closed","ping_status":"closed","sticky":false,"template":"","format":"standard","meta":{"sfsi_plus_gutenberg_text_before_share":"","sfsi_plus_gutenberg_show_text_before_share":"","sfsi_plus_gutenberg_icon_type":"","sfsi_plus_gutenberg_icon_alignemt":"","sfsi_plus_gutenburg_max_per_row":"","footnotes":""},"categories":[11],"tags":[],"class_list":["post-49457","post","type-post","status-publish","format-standard","has-post-thumbnail","hentry","category-politica"],"_links":{"self":[{"href":"https:\/\/www.caririemacao.com\/1\/wp-json\/wp\/v2\/posts\/49457","targetHints":{"allow":["GET"]}}],"collection":[{"href":"https:\/\/www.caririemacao.com\/1\/wp-json\/wp\/v2\/posts"}],"about":[{"href":"https:\/\/www.caririemacao.com\/1\/wp-json\/wp\/v2\/types\/post"}],"author":[{"embeddable":true,"href":"https:\/\/www.caririemacao.com\/1\/wp-json\/wp\/v2\/users\/2"}],"replies":[{"embeddable":true,"href":"https:\/\/www.caririemacao.com\/1\/wp-json\/wp\/v2\/comments?post=49457"}],"version-history":[{"count":0,"href":"https:\/\/www.caririemacao.com\/1\/wp-json\/wp\/v2\/posts\/49457\/revisions"}],"wp:featuredmedia":[{"embeddable":true,"href":"https:\/\/www.caririemacao.com\/1\/wp-json\/wp\/v2\/media\/49458"}],"wp:attachment":[{"href":"https:\/\/www.caririemacao.com\/1\/wp-json\/wp\/v2\/media?parent=49457"}],"wp:term":[{"taxonomy":"category","embeddable":true,"href":"https:\/\/www.caririemacao.com\/1\/wp-json\/wp\/v2\/categories?post=49457"},{"taxonomy":"post_tag","embeddable":true,"href":"https:\/\/www.caririemacao.com\/1\/wp-json\/wp\/v2\/tags?post=49457"}],"curies":[{"name":"wp","href":"https:\/\/api.w.org\/{rel}","templated":true}]}}