{"id":49467,"date":"2018-04-29T14:58:52","date_gmt":"2018-04-29T17:58:52","guid":{"rendered":"http:\/\/caririemacao.com\/1\/?p=49467"},"modified":"2018-04-29T14:58:52","modified_gmt":"2018-04-29T17:58:52","slug":"cdsa-da-ufcg-da-cidade-de-sume-abre-inscricoes-para-selecao-de-mestrado","status":"publish","type":"post","link":"https:\/\/www.caririemacao.com\/1\/2018\/04\/29\/cdsa-da-ufcg-da-cidade-de-sume-abre-inscricoes-para-selecao-de-mestrado\/","title":{"rendered":"CDSA da UFCG da cidade de Sum\u00e9 abre inscri\u00e7\u00f5es para sele\u00e7\u00e3o de Mestrado"},"content":{"rendered":"<p class=\"x_gmail-MsoNoSpacing\">A partir da segunda-feira (30), estar\u00e3o abertas as inscri\u00e7\u00f5es para a sele\u00e7\u00e3o do\u00a0Mestrado Profissional em Rede Nacional em Gest\u00e3o e Regula\u00e7\u00e3o de Recursos H\u00eddricos (Prof\u00c1gua), no\u00a0Centro de Desenvolvimento Sustent\u00e1vel do Semi\u00e1rido da Universidade Federal de Campina Grande(UFCG).\u00a0 S\u00e3o ofertadas 20 vagas e o prazo para inscri\u00e7\u00e3o vai at\u00e9 29 de maio.<\/p>\n<p class=\"x_gmail-MsoNoSpacing\">O programa tem como \u00e1reas de concentra\u00e7\u00e3o instrumentos da pol\u00edtica de recursos h\u00eddricos e regula\u00e7\u00e3o e governan\u00e7a de recursos h\u00eddricos. As linhas de pesquisa s\u00e3o: Ferramentas aplicadas aos instrumentos de gest\u00e3o de recursos h\u00eddricos; Metodologias para implementa\u00e7\u00e3o dos instrumentos de gest\u00e3o de recursos h\u00eddricos; Planejamento e gest\u00e3o de recursos h\u00eddricos e Seguran\u00e7a h\u00eddrica e usos m\u00faltiplos da \u00e1gua.<\/p>\n<p><strong>O programa<\/strong><\/p>\n<p>O Prof\u00c1gua \u00e9 um programa de p\u00f3s-gradua\u00e7\u00e3o stricto sensu em Gest\u00e3o e Regula\u00e7\u00e3o de Recursos H\u00eddricos recomendado pela Coordena\u00e7\u00e3o de Aperfei\u00e7oamento de Pessoal de N\u00edvel Superior (CAPES) do Minist\u00e9rio da Educa\u00e7\u00e3o. Coordenado pela Universidade Estadual Paulista J\u00falio de Mesquita Filho, tem como objetivo proporcionar a forma\u00e7\u00e3o continuada dos profissionais que atuam em \u00f3rg\u00e3os gestores de recursos h\u00eddricos (em n\u00edvel federal, estadual e municipal), ag\u00eancias de \u00e1gua, comit\u00eas de bacia hidrogr\u00e1fica ou conselhos de recursos h\u00eddricos, seja participando desses \u00f3rg\u00e3os ou submetendo pedidos ou projetos de utiliza\u00e7\u00e3o e controle de recursos h\u00eddricos.<\/p>\n<p><strong>CARIRI EM A\u00c7\u00c3O<\/strong><\/p>\n<p>Com Vitrine do Cariri\/Foto: Reprodu\u00e7\u00e3o google<\/p>\n<p>Leia mais not\u00edcias em\u00a0caririemacao.com, siga nossa p\u00e1gina no\u00a0Facebook,\u00a0Instagram\u00a0e\u00a0Youtube\u00a0e veja nossas mat\u00e9rias, v\u00eddeos e fotos. Voc\u00ea tamb\u00e9m pode enviar informa\u00e7\u00f5es \u00e0 Reda\u00e7\u00e3o do Portal Cariri em A\u00e7\u00e3o pelo WhatsApp (83) 9 9634.5791, (83) 9 9601-1162.<\/p>\n","protected":false},"excerpt":{"rendered":"<p>A partir da segunda-feira (30), estar\u00e3o abertas as inscri\u00e7\u00f5es para a sele\u00e7\u00e3o do\u00a0Mestrado Profissional em Rede Nacional em Gest\u00e3o e Regula\u00e7\u00e3o de Recursos H\u00eddricos (Prof\u00c1gua),&hellip; <\/p>\n","protected":false},"author":2,"featured_media":39552,"comment_status":"closed","ping_status":"closed","sticky":false,"template":"","format":"standard","meta":{"sfsi_plus_gutenberg_text_before_share":"","sfsi_plus_gutenberg_show_text_before_share":"","sfsi_plus_gutenberg_icon_type":"","sfsi_plus_gutenberg_icon_alignemt":"","sfsi_plus_gutenburg_max_per_row":"","footnotes":""},"categories":[14],"tags":[],"class_list":["post-49467","post","type-post","status-publish","format-standard","has-post-thumbnail","hentry","category-educacao"],"_links":{"self":[{"href":"https:\/\/www.caririemacao.com\/1\/wp-json\/wp\/v2\/posts\/49467","targetHints":{"allow":["GET"]}}],"collection":[{"href":"https:\/\/www.caririemacao.com\/1\/wp-json\/wp\/v2\/posts"}],"about":[{"href":"https:\/\/www.caririemacao.com\/1\/wp-json\/wp\/v2\/types\/post"}],"author":[{"embeddable":true,"href":"https:\/\/www.caririemacao.com\/1\/wp-json\/wp\/v2\/users\/2"}],"replies":[{"embeddable":true,"href":"https:\/\/www.caririemacao.com\/1\/wp-json\/wp\/v2\/comments?post=49467"}],"version-history":[{"count":0,"href":"https:\/\/www.caririemacao.com\/1\/wp-json\/wp\/v2\/posts\/49467\/revisions"}],"wp:featuredmedia":[{"embeddable":true,"href":"https:\/\/www.caririemacao.com\/1\/wp-json\/wp\/v2\/media\/39552"}],"wp:attachment":[{"href":"https:\/\/www.caririemacao.com\/1\/wp-json\/wp\/v2\/media?parent=49467"}],"wp:term":[{"taxonomy":"category","embeddable":true,"href":"https:\/\/www.caririemacao.com\/1\/wp-json\/wp\/v2\/categories?post=49467"},{"taxonomy":"post_tag","embeddable":true,"href":"https:\/\/www.caririemacao.com\/1\/wp-json\/wp\/v2\/tags?post=49467"}],"curies":[{"name":"wp","href":"https:\/\/api.w.org\/{rel}","templated":true}]}}