{"id":49469,"date":"2018-04-29T15:02:17","date_gmt":"2018-04-29T18:02:17","guid":{"rendered":"http:\/\/caririemacao.com\/1\/?p=49469"},"modified":"2018-04-29T15:02:17","modified_gmt":"2018-04-29T18:02:17","slug":"termina-amanha-o-prazo-para-entrega-da-declaracao-do-imposto-de-renda","status":"publish","type":"post","link":"https:\/\/www.caririemacao.com\/1\/2018\/04\/29\/termina-amanha-o-prazo-para-entrega-da-declaracao-do-imposto-de-renda\/","title":{"rendered":"Termina amanh\u00e3 o prazo para entrega da declara\u00e7\u00e3o do Imposto de Renda"},"content":{"rendered":"<p>Termina amanh\u00e3 (30) o prazo para declara\u00e7\u00e3o do Imposto de Renda da Pessoa F\u00edsica (IRPF). At\u00e9 ontem (28), cerca de 4,9 milh\u00f5es de contribuintes ainda n\u00e3o haviam acertado as contas com o Fisco. O prazo para entrega da declara\u00e7\u00e3o come\u00e7ou em 1\u00ba de mar\u00e7o e vai at\u00e9 as 23h59 de amanh\u00e3 (30).<\/p>\n<p>Est\u00e1 obrigado a declarar quem recebeu rendimentos tribut\u00e1veis, em 2017, em valores superiores a R$ 28.559,70. No caso da atividade rural, deve declarar quem teve receita bruta acima R$ 142.798,50.<\/p>\n<p>A multa para quem apresentar a declara\u00e7\u00e3o depois do prazo \u00e9 de 1% por m\u00eas de atraso, com valor m\u00ednimo de R$ 165,74 e m\u00e1ximo de 20% sobre o imposto devido.<\/p>\n<p>O programa de preenchimento da declara\u00e7\u00e3o do Imposto de Renda da Pessoa F\u00edsica de 2018, ano base 2017, est\u00e1 dispon\u00edvel no\u00a0site da Receita Federal.<\/p>\n<p>A estimativa \u00e9 que sejam enviadas 28,8 milh\u00f5es de declara\u00e7\u00f5es at\u00e9 o fim do prazo. Confira um passo a passo com as principais orienta\u00e7\u00f5es sobre como preencher e enviar a declara\u00e7\u00e3o do IRPF, bem como os documentos necess\u00e1rios.<\/p>\n<p><strong>CARIRI EM A\u00c7\u00c3O<\/strong><\/p>\n<p>Com Para\u00edba online\/Foto: Reprodu\u00e7\u00e3o google<\/p>\n<p>Leia mais not\u00edcias em\u00a0caririemacao.com, siga nossa p\u00e1gina no\u00a0Facebook,\u00a0Instagram\u00a0e\u00a0Youtube\u00a0e veja nossas mat\u00e9rias, v\u00eddeos e fotos. Voc\u00ea tamb\u00e9m pode enviar informa\u00e7\u00f5es \u00e0 Reda\u00e7\u00e3o do Portal Cariri em A\u00e7\u00e3o pelo WhatsApp (83) 9 9634.5791, (83) 9 9601-1162.<\/p>\n","protected":false},"excerpt":{"rendered":"<p>Termina amanh\u00e3 (30) o prazo para declara\u00e7\u00e3o do Imposto de Renda da Pessoa F\u00edsica (IRPF). At\u00e9 ontem (28), cerca de 4,9 milh\u00f5es de contribuintes ainda&hellip; <\/p>\n","protected":false},"author":2,"featured_media":7254,"comment_status":"closed","ping_status":"closed","sticky":false,"template":"","format":"standard","meta":{"sfsi_plus_gutenberg_text_before_share":"","sfsi_plus_gutenberg_show_text_before_share":"","sfsi_plus_gutenberg_icon_type":"","sfsi_plus_gutenberg_icon_alignemt":"","sfsi_plus_gutenburg_max_per_row":"","footnotes":""},"categories":[2],"tags":[],"class_list":["post-49469","post","type-post","status-publish","format-standard","has-post-thumbnail","hentry","category-geral"],"_links":{"self":[{"href":"https:\/\/www.caririemacao.com\/1\/wp-json\/wp\/v2\/posts\/49469","targetHints":{"allow":["GET"]}}],"collection":[{"href":"https:\/\/www.caririemacao.com\/1\/wp-json\/wp\/v2\/posts"}],"about":[{"href":"https:\/\/www.caririemacao.com\/1\/wp-json\/wp\/v2\/types\/post"}],"author":[{"embeddable":true,"href":"https:\/\/www.caririemacao.com\/1\/wp-json\/wp\/v2\/users\/2"}],"replies":[{"embeddable":true,"href":"https:\/\/www.caririemacao.com\/1\/wp-json\/wp\/v2\/comments?post=49469"}],"version-history":[{"count":0,"href":"https:\/\/www.caririemacao.com\/1\/wp-json\/wp\/v2\/posts\/49469\/revisions"}],"wp:featuredmedia":[{"embeddable":true,"href":"https:\/\/www.caririemacao.com\/1\/wp-json\/wp\/v2\/media\/7254"}],"wp:attachment":[{"href":"https:\/\/www.caririemacao.com\/1\/wp-json\/wp\/v2\/media?parent=49469"}],"wp:term":[{"taxonomy":"category","embeddable":true,"href":"https:\/\/www.caririemacao.com\/1\/wp-json\/wp\/v2\/categories?post=49469"},{"taxonomy":"post_tag","embeddable":true,"href":"https:\/\/www.caririemacao.com\/1\/wp-json\/wp\/v2\/tags?post=49469"}],"curies":[{"name":"wp","href":"https:\/\/api.w.org\/{rel}","templated":true}]}}