{"id":49475,"date":"2018-04-29T15:15:21","date_gmt":"2018-04-29T18:15:21","guid":{"rendered":"http:\/\/caririemacao.com\/1\/?p=49475"},"modified":"2018-04-29T15:15:21","modified_gmt":"2018-04-29T18:15:21","slug":"deputados-tentam-dobrar-valor-das-emendas-parlamentares","status":"publish","type":"post","link":"https:\/\/www.caririemacao.com\/1\/2018\/04\/29\/deputados-tentam-dobrar-valor-das-emendas-parlamentares\/","title":{"rendered":"Deputados tentam dobrar valor das emendas parlamentares"},"content":{"rendered":"<p>A crise pol\u00edtica envolvendo o governador paulista M\u00e1rcio Fran\u00e7a (PSB) e o presidente da Assembleia Legislativa, Cau\u00ea Macris (PSDB), abriu caminho para que os deputados estaduais viabilizem um antigo pleito que costuma ser podado pelo Executivo: dobrar o valor das emendas parlamentares, cotas de recursos do Or\u00e7amento que eles indicam para investimentos em suas bases eleitorais.<\/p>\n<p>A proposta de emenda \u00e0 Constitui\u00e7\u00e3o (PEC) foi apresentada no in\u00edcio deste m\u00eas pelo deputado Jorge Caruso (PMDB) e conta com 46 apoiadores \u2013 ao todo, a Casa tem 94 deputados. Atualmente, a Constitui\u00e7\u00e3o garante aos parlamentares uma cota de emendas no Or\u00e7amento que corresponde a 0,3% da receita corrente l\u00edquida do Estado no ano anterior. Hoje, o valor equivale a cerca de R$ 4,5 milh\u00f5es por deputado. A proposta \u00e9 elevar essa cota para 0,6% da receita a partir do ano que vem, aumentando o valor das emendas individuais para R$ 9 milh\u00f5es.<\/p>\n<p>Nos bastidores, parlamentares dizem que o cen\u00e1rio \u00e9 favor\u00e1vel para aprovar a medida porque o presidente Cau\u00ea Macris tem prometido colocar os projetos de autoria dos parlamentares em vota\u00e7\u00e3o como forma de prestigiar os deputados em ano eleitoral e obter mais apoio do que o grupo de Fran\u00e7a.<\/p>\n<p>\u201cTem um clima favor\u00e1vel. Este ano foi o primeiro das emendas impositivas (o governo \u00e9 obrigado a cumprir as indica\u00e7\u00f5es parlamentares) e tem dado certo, de forma mais republicana e transparente. A quest\u00e3o das emendas \u00e9 fundamental, porque muitos munic\u00edpios dependem disso\u201d, disse o l\u00edder do PSDB, Marco Vinholi.<\/p>\n<p>O governo, por sua vez, acha o momento inoportuno. \u201cA verdade \u00e9 que h\u00e1 25 anos o PSDB comanda essa Casa e, mesmo quando o presidente foi o Rodrigo Garcia (DEM), sempre houve coer\u00eancia e responsabilidade. Vamos debater o projeto ainda, mas creio que n\u00e3o seja o momento oportuno\u201d, afirmou o l\u00edder Carlos Cezar (PSB).<\/p>\n<p><strong>CARIRI EM A\u00c7\u00c3O<\/strong><\/p>\n<p>Com Estad\u00e3o\/Foto: Reprodu\u00e7\u00e3o google<\/p>\n<p>Leia mais not\u00edcias em\u00a0caririemacao.com, siga nossa p\u00e1gina no\u00a0Facebook,\u00a0Instagram\u00a0e\u00a0Youtube\u00a0e veja nossas mat\u00e9rias, v\u00eddeos e fotos. Voc\u00ea tamb\u00e9m pode enviar informa\u00e7\u00f5es \u00e0 Reda\u00e7\u00e3o do Portal Cariri em A\u00e7\u00e3o pelo WhatsApp (83) 9 9634.5791, (83) 9 9601-1162.<\/p>\n","protected":false},"excerpt":{"rendered":"<p>A crise pol\u00edtica envolvendo o governador paulista M\u00e1rcio Fran\u00e7a (PSB) e o presidente da Assembleia Legislativa, Cau\u00ea Macris (PSDB), abriu caminho para que os deputados&hellip; <\/p>\n","protected":false},"author":2,"featured_media":49476,"comment_status":"closed","ping_status":"closed","sticky":false,"template":"","format":"standard","meta":{"sfsi_plus_gutenberg_text_before_share":"","sfsi_plus_gutenberg_show_text_before_share":"","sfsi_plus_gutenberg_icon_type":"","sfsi_plus_gutenberg_icon_alignemt":"","sfsi_plus_gutenburg_max_per_row":"","footnotes":""},"categories":[11],"tags":[],"class_list":["post-49475","post","type-post","status-publish","format-standard","has-post-thumbnail","hentry","category-politica"],"_links":{"self":[{"href":"https:\/\/www.caririemacao.com\/1\/wp-json\/wp\/v2\/posts\/49475","targetHints":{"allow":["GET"]}}],"collection":[{"href":"https:\/\/www.caririemacao.com\/1\/wp-json\/wp\/v2\/posts"}],"about":[{"href":"https:\/\/www.caririemacao.com\/1\/wp-json\/wp\/v2\/types\/post"}],"author":[{"embeddable":true,"href":"https:\/\/www.caririemacao.com\/1\/wp-json\/wp\/v2\/users\/2"}],"replies":[{"embeddable":true,"href":"https:\/\/www.caririemacao.com\/1\/wp-json\/wp\/v2\/comments?post=49475"}],"version-history":[{"count":0,"href":"https:\/\/www.caririemacao.com\/1\/wp-json\/wp\/v2\/posts\/49475\/revisions"}],"wp:featuredmedia":[{"embeddable":true,"href":"https:\/\/www.caririemacao.com\/1\/wp-json\/wp\/v2\/media\/49476"}],"wp:attachment":[{"href":"https:\/\/www.caririemacao.com\/1\/wp-json\/wp\/v2\/media?parent=49475"}],"wp:term":[{"taxonomy":"category","embeddable":true,"href":"https:\/\/www.caririemacao.com\/1\/wp-json\/wp\/v2\/categories?post=49475"},{"taxonomy":"post_tag","embeddable":true,"href":"https:\/\/www.caririemacao.com\/1\/wp-json\/wp\/v2\/tags?post=49475"}],"curies":[{"name":"wp","href":"https:\/\/api.w.org\/{rel}","templated":true}]}}