{"id":49480,"date":"2018-04-29T15:20:56","date_gmt":"2018-04-29T18:20:56","guid":{"rendered":"http:\/\/caririemacao.com\/1\/?p=49480"},"modified":"2018-04-29T15:20:56","modified_gmt":"2018-04-29T18:20:56","slug":"mais-de-4-mil-detentos-na-pb-sao-monitorados","status":"publish","type":"post","link":"https:\/\/www.caririemacao.com\/1\/2018\/04\/29\/mais-de-4-mil-detentos-na-pb-sao-monitorados\/","title":{"rendered":"Mais de 4 mil detentos na PB s\u00e3o monitorados"},"content":{"rendered":"<p>O n\u00famero de presos cadastrados pelo Tribunal de Justi\u00e7a da Para\u00edba no\u00a0Banco Nacional de Monitoramento de Pris\u00f5es (BNMP)\u00a0cresceu 88% na \u00faltima semana. At\u00e9 o momento, 4.054 presos foram cadastrados no sistema, cerca de 35% do total de detentos da Para\u00edba.<\/p>\n<p>A informa\u00e7\u00e3o transmitida ao secret\u00e1rio-geral do Conselho Nacional de Justi\u00e7a (CNJ), J\u00falio Ferreira de Andrade, que se reuniu na quarta-feira (25), em Jo\u00e3o Pessoa, com o presidente do Tribunal de Justi\u00e7a da Para\u00edba (TJ-PB), desembargador Jo\u00e1s de Brito Pereira Filho.<\/p>\n<p>\u201cDiante da estrat\u00e9gia de gest\u00e3o do tribunal para o cadastramento no banco de dados, a expectativa \u00e9 que esse n\u00famero cres\u00e7a rapidamente nos pr\u00f3ximos dias. O tribunal se mostrou comprometido com a finaliza\u00e7\u00e3o do trabalho\u201d, afirmou o secret\u00e1rio-geral do CNJ, que est\u00e1 na capital da Para\u00edba acompanhado de dois servidores do Departamento de Monitoramento e Fiscaliza\u00e7\u00e3o do Sistema Carcer\u00e1rio (DMF) do Conselho, Luiz Victor do Esp\u00edrito Santo e Thanise Maia Alves.<\/p>\n<p>De acordo com J\u00falio de Andrade, o trabalho de cadastramento na Para\u00edba tem sido feito em jornadas extras. Na capital, 20 servidores se dedicam exclusivamente \u00e0 execu\u00e7\u00e3o do servi\u00e7o e, em Campina Grande, segunda maior unidade judici\u00e1ria do Estado, 10 pessoas participam da a\u00e7\u00e3o.<\/p>\n<p>Al\u00e9m disso, uma for\u00e7a-tarefa itinerante tem percorrido o interior da Para\u00edba para acompanhar a alimenta\u00e7\u00e3o dos dados no sistema.\u00a0\u201cTrata-se de um projeto de grande import\u00e2ncia para todo o Brasil. Desde que tomei conhecimento deste projeto da ministra C\u00e1rmen L\u00facia, estamos nos empenhando para contribuir\u201d, disse o desembargador Jo\u00e1s de Brito Pereira Filho.<\/p>\n<p>A expectativa \u00e9 que o trabalho na Para\u00edba seja conclu\u00eddo na primeira quinzena de maio. Tamb\u00e9m participaram do encontro em Jo\u00e3o Pessoa, o vice-presidente do TJ-PB, Jo\u00e3o Benedito da Silva; o corregedor geral de Justi\u00e7a do tribunal, Jos\u00e9 Aur\u00e9lio da Cruz; o diretor do F\u00f3rum Criminal da capital, juiz Adilson Fabr\u00edcio Gomes Filho; o juiz da Vara de Execu\u00e7\u00e3o Penal da capital, Carlos Neves da Franca Neto; Marcial Henrique Ferraz da Cruz, juiz auxiliar da Presid\u00eancia; e o diretor de Gest\u00e3o Estrat\u00e9gica do tribunal, Tony M\u00e1rcio Leite Pegado.<\/p>\n<p><strong>Esfor\u00e7o concentrado<\/strong><\/p>\n<p>Os dois magistrados que coordenam a implanta\u00e7\u00e3o do BNMP no Estado, Eslu Eloy Filho, juiz auxiliar da Presid\u00eancia, e a ju\u00edza Silmary Alves de Queiroga, representante da Corregedoria, tamb\u00e9m participaram da reuni\u00e3o. \u201cA cria\u00e7\u00e3o do BNMP \u00e9 uma grata surpresa. Trata-se de uma ferramenta de humaniza\u00e7\u00e3o da execu\u00e7\u00e3o penal, um olhar diferenciado do sistema\u201d, afirmou Silmary Alves de Queiroga.<\/p>\n<p>O juiz Eslu Eloy Filho destaca que a Presid\u00eancia do TJ-PB autorizou o pagamento de horas extras aos servidores que participam do esfor\u00e7o concentrado para acelerar a conclus\u00e3o do trabalho. Segundo Silmary Alves de Queiroga, desde fevereiro, o tribunal trabalha para inserir os dados dos presos paraibanos na plataforma. Ela lembra que problemas t\u00e9cnicos, como falhas no link de internet em comarcas do interior, dificultaram a primeira etapa da a\u00e7\u00e3o.<\/p>\n<p>\u201cAgora, isso melhorou muito. Os servidores t\u00eam inserido dados relativos \u00e0s novas pris\u00f5es e tamb\u00e9m informa\u00e7\u00f5es de processos antigos\u201d, conclui. Nesta quinta-feira (26), os servidores do CNJ que est\u00e3o em Jo\u00e3o Pessoa far\u00e3o um refor\u00e7o no treinamento dos funcion\u00e1rios respons\u00e1veis pelo cadastramento dos dados do TJ-PB no novo sistema.\u00a0 A edi\u00e7\u00e3o do Di\u00e1rio Eletr\u00f4nico do TJ-PB desta quarta-feira trouxe a publica\u00e7\u00e3o do ato que convoca 25 servidores de 14 comarcas do interior do Estado para participar do curso.<\/p>\n<p><strong>CARIRI EM A\u00c7\u00c3O<\/strong><\/p>\n<p>Com Mais PB\/Foto: Reprodu\u00e7\u00e3o google<\/p>\n<p>Leia mais not\u00edcias em\u00a0caririemacao.com, siga nossa p\u00e1gina no\u00a0Facebook,\u00a0Instagram\u00a0e\u00a0Youtube\u00a0e veja nossas mat\u00e9rias, v\u00eddeos e fotos. Voc\u00ea tamb\u00e9m pode enviar informa\u00e7\u00f5es \u00e0 Reda\u00e7\u00e3o do Portal Cariri em A\u00e7\u00e3o pelo WhatsApp (83) 9 9634.5791, (83) 9 9601-1162.<\/p>\n","protected":false},"excerpt":{"rendered":"<p>O n\u00famero de presos cadastrados pelo Tribunal de Justi\u00e7a da Para\u00edba no\u00a0Banco Nacional de Monitoramento de Pris\u00f5es (BNMP)\u00a0cresceu 88% na \u00faltima semana. At\u00e9 o momento,&hellip; <\/p>\n","protected":false},"author":2,"featured_media":14408,"comment_status":"closed","ping_status":"closed","sticky":false,"template":"","format":"standard","meta":{"sfsi_plus_gutenberg_text_before_share":"","sfsi_plus_gutenberg_show_text_before_share":"","sfsi_plus_gutenberg_icon_type":"","sfsi_plus_gutenberg_icon_alignemt":"","sfsi_plus_gutenburg_max_per_row":"","footnotes":""},"categories":[12],"tags":[],"class_list":["post-49480","post","type-post","status-publish","format-standard","has-post-thumbnail","hentry","category-policia"],"_links":{"self":[{"href":"https:\/\/www.caririemacao.com\/1\/wp-json\/wp\/v2\/posts\/49480","targetHints":{"allow":["GET"]}}],"collection":[{"href":"https:\/\/www.caririemacao.com\/1\/wp-json\/wp\/v2\/posts"}],"about":[{"href":"https:\/\/www.caririemacao.com\/1\/wp-json\/wp\/v2\/types\/post"}],"author":[{"embeddable":true,"href":"https:\/\/www.caririemacao.com\/1\/wp-json\/wp\/v2\/users\/2"}],"replies":[{"embeddable":true,"href":"https:\/\/www.caririemacao.com\/1\/wp-json\/wp\/v2\/comments?post=49480"}],"version-history":[{"count":0,"href":"https:\/\/www.caririemacao.com\/1\/wp-json\/wp\/v2\/posts\/49480\/revisions"}],"wp:featuredmedia":[{"embeddable":true,"href":"https:\/\/www.caririemacao.com\/1\/wp-json\/wp\/v2\/media\/14408"}],"wp:attachment":[{"href":"https:\/\/www.caririemacao.com\/1\/wp-json\/wp\/v2\/media?parent=49480"}],"wp:term":[{"taxonomy":"category","embeddable":true,"href":"https:\/\/www.caririemacao.com\/1\/wp-json\/wp\/v2\/categories?post=49480"},{"taxonomy":"post_tag","embeddable":true,"href":"https:\/\/www.caririemacao.com\/1\/wp-json\/wp\/v2\/tags?post=49480"}],"curies":[{"name":"wp","href":"https:\/\/api.w.org\/{rel}","templated":true}]}}