{"id":49482,"date":"2018-04-29T15:25:55","date_gmt":"2018-04-29T18:25:55","guid":{"rendered":"http:\/\/caririemacao.com\/1\/?p=49482"},"modified":"2018-04-29T15:25:55","modified_gmt":"2018-04-29T18:25:55","slug":"preso-suspeito-de-matar-mulher-a-pedradas-na-pb","status":"publish","type":"post","link":"https:\/\/www.caririemacao.com\/1\/2018\/04\/29\/preso-suspeito-de-matar-mulher-a-pedradas-na-pb\/","title":{"rendered":"Preso suspeito de matar mulher a pedradas na PB"},"content":{"rendered":"<div dir=\"auto\">Foi preso pela Pol\u00edcia Militar, na tarde deste s\u00e1bado (28), o agricultor identificado pelo nome de Francisco Pires de Souza, 59 anos, suspeito de tentar matar a pr\u00f3pria esposa a pedradas, durante confus\u00e3o no per\u00edodo da manh\u00e3, na frente de casa, que fica no Sitio Curral Velho, munic\u00edpio de Santana dos Garrotes (PB).<\/div>\n<div dir=\"auto\"><\/div>\n<div dir=\"auto\">Segundo informa\u00e7\u00f5es do Delegado Renato Leite, o acusado foi autuado pelo crime de tentativa de feminic\u00eddio, por\u00e9m, na delegacia, ele teria dado a vers\u00e3o que iniciou uma confus\u00e3o com sua esposa ap\u00f3s falar pra ela que iria vender a casa onde moram para pagar d\u00edvidas. E ao ser contrariado pela esposa, empurrou a mesma, que caiu sobre o batente da porta.<\/div>\n<div dir=\"auto\"><\/div>\n<div dir=\"auto\">O Delegado que recebeu o caso na 17\u00aa Delegacia Seccional de Itaporanga, disse que no local foram apuradas outras vers\u00f5es, mas que as investiga\u00e7\u00f5es ir\u00e3o esclarecer os fatos.<\/div>\n<div dir=\"auto\"><\/div>\n<div dir=\"auto\">A v\u00edtima, Maria do Carmo Clementino Souza, de 61 anos, teve traumatismo craniano e foi levada pelo Servi\u00e7o de Atendimento M\u00f3vel de Urg\u00eancia para o Hospital de Emerg\u00eancia e Trauma de Campina Grande.<\/div>\n<div dir=\"auto\">\n<p><strong>CARIRI EM A\u00c7\u00c3O<\/strong><\/p>\n<p>Com Wscom\/Foto: Wscom<\/p>\n<p>Leia mais not\u00edcias em\u00a0caririemacao.com, siga nossa p\u00e1gina no\u00a0Facebook,\u00a0Instagram\u00a0e\u00a0Youtube\u00a0e veja nossas mat\u00e9rias, v\u00eddeos e fotos. Voc\u00ea tamb\u00e9m pode enviar informa\u00e7\u00f5es \u00e0 Reda\u00e7\u00e3o do Portal Cariri em A\u00e7\u00e3o pelo WhatsApp (83) 9 9634.5791, (83) 9 9601-1162.<\/p>\n<\/div>\n","protected":false},"excerpt":{"rendered":"<p>Foi preso pela Pol\u00edcia Militar, na tarde deste s\u00e1bado (28), o agricultor identificado pelo nome de Francisco Pires de Souza, 59 anos, suspeito de tentar&hellip; <\/p>\n","protected":false},"author":2,"featured_media":49483,"comment_status":"closed","ping_status":"closed","sticky":false,"template":"","format":"standard","meta":{"sfsi_plus_gutenberg_text_before_share":"","sfsi_plus_gutenberg_show_text_before_share":"","sfsi_plus_gutenberg_icon_type":"","sfsi_plus_gutenberg_icon_alignemt":"","sfsi_plus_gutenburg_max_per_row":"","footnotes":""},"categories":[12],"tags":[],"class_list":["post-49482","post","type-post","status-publish","format-standard","has-post-thumbnail","hentry","category-policia"],"_links":{"self":[{"href":"https:\/\/www.caririemacao.com\/1\/wp-json\/wp\/v2\/posts\/49482","targetHints":{"allow":["GET"]}}],"collection":[{"href":"https:\/\/www.caririemacao.com\/1\/wp-json\/wp\/v2\/posts"}],"about":[{"href":"https:\/\/www.caririemacao.com\/1\/wp-json\/wp\/v2\/types\/post"}],"author":[{"embeddable":true,"href":"https:\/\/www.caririemacao.com\/1\/wp-json\/wp\/v2\/users\/2"}],"replies":[{"embeddable":true,"href":"https:\/\/www.caririemacao.com\/1\/wp-json\/wp\/v2\/comments?post=49482"}],"version-history":[{"count":0,"href":"https:\/\/www.caririemacao.com\/1\/wp-json\/wp\/v2\/posts\/49482\/revisions"}],"wp:featuredmedia":[{"embeddable":true,"href":"https:\/\/www.caririemacao.com\/1\/wp-json\/wp\/v2\/media\/49483"}],"wp:attachment":[{"href":"https:\/\/www.caririemacao.com\/1\/wp-json\/wp\/v2\/media?parent=49482"}],"wp:term":[{"taxonomy":"category","embeddable":true,"href":"https:\/\/www.caririemacao.com\/1\/wp-json\/wp\/v2\/categories?post=49482"},{"taxonomy":"post_tag","embeddable":true,"href":"https:\/\/www.caririemacao.com\/1\/wp-json\/wp\/v2\/tags?post=49482"}],"curies":[{"name":"wp","href":"https:\/\/api.w.org\/{rel}","templated":true}]}}