{"id":49485,"date":"2018-04-29T15:27:58","date_gmt":"2018-04-29T18:27:58","guid":{"rendered":"http:\/\/caririemacao.com\/1\/?p=49485"},"modified":"2018-04-29T15:27:58","modified_gmt":"2018-04-29T18:27:58","slug":"vice-governadora-defende-lula-na-tv-e-afirma-que-foi-o-melhor-presidente-que-o-pais-ja-teve","status":"publish","type":"post","link":"https:\/\/www.caririemacao.com\/1\/2018\/04\/29\/vice-governadora-defende-lula-na-tv-e-afirma-que-foi-o-melhor-presidente-que-o-pais-ja-teve\/","title":{"rendered":"Vice-governadora defende Lula na TV e afirma que foi o melhor presidente que o pa\u00eds j\u00e1 teve"},"content":{"rendered":"<div dir=\"auto\">A vice-governadora da Para\u00edba, L\u00edgia Feliciano (PDT), criticou a pris\u00e3o do ex-presidente Luiz In\u00e1cio Lula da Silva(PT) durante o seu programa Amiga L\u00edgia, na TV Arapuan, neste s\u00e1bado(28).<\/div>\n<div dir=\"auto\"><\/div>\n<div dir=\"auto\">Em discurso voltado para os trabalhadores, por conta do Dia do Trabalho na pr\u00f3xima ter\u00e7a-feira, 1 de maio, L\u00edgia afirmou que o pa\u00eds est\u00e1 triste. \u201c\u00c9 preciso reconhecer que este ano o dia do trabalhador ficou mais triste com o presidente Lula preso, n\u00f3s da Para\u00edba avan\u00e7amos muito nos governos Lula, pra n\u00f3s nordestinos ele foi o melhor presidente que o pa\u00eds j\u00e1 teve\u201d, avaliou.<\/div>\n<div dir=\"auto\"><\/div>\n<div dir=\"auto\">Dois dias depois de o IBGE registrar a maior taxa de desemprego em doze anos, L\u00edgia comparou o momento de crise com os anos Lula. \u201cO povo comia melhor, o dinheiro n\u00e3o faltava no fim do m\u00eas e ainda tinha emprego pra todo mundo\u201d, lembrou.<\/div>\n<div dir=\"auto\"><\/div>\n<div dir=\"auto\">A vice-governadora reconheceu em sua fala que o estado da Para\u00edba tem ainda muito que avan\u00e7ar e que a esperan\u00e7a durante os governos do ex-presidente era maior do que agora.<\/div>\n<div dir=\"auto\">\n<p><strong>CARIRI EM A\u00c7\u00c3O<\/strong><\/p>\n<p>Com Wscom\/Foto: Wscom<\/p>\n<p>Leia mais not\u00edcias em\u00a0caririemacao.com, siga nossa p\u00e1gina no\u00a0Facebook,\u00a0Instagram\u00a0e\u00a0Youtube\u00a0e veja nossas mat\u00e9rias, v\u00eddeos e fotos. Voc\u00ea tamb\u00e9m pode enviar informa\u00e7\u00f5es \u00e0 Reda\u00e7\u00e3o do Portal Cariri em A\u00e7\u00e3o pelo WhatsApp (83) 9 9634.5791, (83) 9 9601-1162.<\/p>\n<\/div>\n","protected":false},"excerpt":{"rendered":"<p>A vice-governadora da Para\u00edba, L\u00edgia Feliciano (PDT), criticou a pris\u00e3o do ex-presidente Luiz In\u00e1cio Lula da Silva(PT) durante o seu programa Amiga L\u00edgia, na TV&hellip; <\/p>\n","protected":false},"author":2,"featured_media":14403,"comment_status":"closed","ping_status":"closed","sticky":false,"template":"","format":"standard","meta":{"sfsi_plus_gutenberg_text_before_share":"","sfsi_plus_gutenberg_show_text_before_share":"","sfsi_plus_gutenberg_icon_type":"","sfsi_plus_gutenberg_icon_alignemt":"","sfsi_plus_gutenburg_max_per_row":"","footnotes":""},"categories":[11],"tags":[],"class_list":["post-49485","post","type-post","status-publish","format-standard","has-post-thumbnail","hentry","category-politica"],"_links":{"self":[{"href":"https:\/\/www.caririemacao.com\/1\/wp-json\/wp\/v2\/posts\/49485","targetHints":{"allow":["GET"]}}],"collection":[{"href":"https:\/\/www.caririemacao.com\/1\/wp-json\/wp\/v2\/posts"}],"about":[{"href":"https:\/\/www.caririemacao.com\/1\/wp-json\/wp\/v2\/types\/post"}],"author":[{"embeddable":true,"href":"https:\/\/www.caririemacao.com\/1\/wp-json\/wp\/v2\/users\/2"}],"replies":[{"embeddable":true,"href":"https:\/\/www.caririemacao.com\/1\/wp-json\/wp\/v2\/comments?post=49485"}],"version-history":[{"count":0,"href":"https:\/\/www.caririemacao.com\/1\/wp-json\/wp\/v2\/posts\/49485\/revisions"}],"wp:featuredmedia":[{"embeddable":true,"href":"https:\/\/www.caririemacao.com\/1\/wp-json\/wp\/v2\/media\/14403"}],"wp:attachment":[{"href":"https:\/\/www.caririemacao.com\/1\/wp-json\/wp\/v2\/media?parent=49485"}],"wp:term":[{"taxonomy":"category","embeddable":true,"href":"https:\/\/www.caririemacao.com\/1\/wp-json\/wp\/v2\/categories?post=49485"},{"taxonomy":"post_tag","embeddable":true,"href":"https:\/\/www.caririemacao.com\/1\/wp-json\/wp\/v2\/tags?post=49485"}],"curies":[{"name":"wp","href":"https:\/\/api.w.org\/{rel}","templated":true}]}}