{"id":49499,"date":"2018-04-29T22:18:00","date_gmt":"2018-04-30T01:18:00","guid":{"rendered":"http:\/\/caririemacao.com\/1\/?p=49499"},"modified":"2018-04-29T22:25:54","modified_gmt":"2018-04-30T01:25:54","slug":"amparo-realiza-feira-de-saude-socioassistencial-dentro-dos-festejos-de-emancipacao-politica","status":"publish","type":"post","link":"https:\/\/www.caririemacao.com\/1\/2018\/04\/29\/amparo-realiza-feira-de-saude-socioassistencial-dentro-dos-festejos-de-emancipacao-politica\/","title":{"rendered":"Amparo realiza \u201cFeira de Sa\u00fade Socioassistencial\u201d dentro dos festejos de emancipa\u00e7\u00e3o pol\u00edtica  \u00a0"},"content":{"rendered":"<p>O munic\u00edpio de Amparo realizou neste dia 29, data em que o munic\u00edpio celebrou 24 anos de emancipa\u00e7\u00e3o pol\u00edtica a Feira de Sa\u00fade Socioassistencial.<\/p>\n<p><a href=\"http:\/\/caririemacao.com\/1\/?attachment_id=49500\" rel=\"attachment wp-att-49500\"><img fetchpriority=\"high\" decoding=\"async\" class=\"aligncenter size-full wp-image-49500\" src=\"http:\/\/caririemacao.com\/1\/wp-content\/uploads\/2018\/04\/IMG_7789.jpg\" alt=\"\" width=\"800\" height=\"533\" srcset=\"https:\/\/www.caririemacao.com\/1\/wp-content\/uploads\/2018\/04\/IMG_7789.jpg 800w, https:\/\/www.caririemacao.com\/1\/wp-content\/uploads\/2018\/04\/IMG_7789-300x200.jpg 300w, https:\/\/www.caririemacao.com\/1\/wp-content\/uploads\/2018\/04\/IMG_7789-768x512.jpg 768w\" sizes=\"(max-width: 800px) 100vw, 800px\" \/><\/a><\/p>\n<p>Na oportunidade, a Secretaria de Sa\u00fade em parceria com a Secretaria de Assist\u00eancia Social ofereceram uma s\u00e9rie de servi\u00e7os aos amparenses que compareceram para visitar a feira.<\/p>\n<p><a href=\"http:\/\/caririemacao.com\/1\/?attachment_id=49504\" rel=\"attachment wp-att-49504\"><img decoding=\"async\" class=\"aligncenter size-full wp-image-49504 lazyload\" data-src=\"http:\/\/caririemacao.com\/1\/wp-content\/uploads\/2018\/04\/IMG_7765.jpg\" alt=\"\" width=\"800\" height=\"533\" data-srcset=\"https:\/\/www.caririemacao.com\/1\/wp-content\/uploads\/2018\/04\/IMG_7765.jpg 800w, https:\/\/www.caririemacao.com\/1\/wp-content\/uploads\/2018\/04\/IMG_7765-300x200.jpg 300w, https:\/\/www.caririemacao.com\/1\/wp-content\/uploads\/2018\/04\/IMG_7765-768x512.jpg 768w\" data-sizes=\"(max-width: 800px) 100vw, 800px\" src=\"data:image\/svg+xml;base64,PHN2ZyB3aWR0aD0iMSIgaGVpZ2h0PSIxIiB4bWxucz0iaHR0cDovL3d3dy53My5vcmcvMjAwMC9zdmciPjwvc3ZnPg==\" style=\"--smush-placeholder-width: 800px; --smush-placeholder-aspect-ratio: 800\/533;\" \/><\/a><\/p>\n<p>A Secretaria de Sa\u00fade ofereceu teste de glicemia, sala de vacina, atendimentos fisioterap\u00eauticos e psicol\u00f3gicos, al\u00e9m da realiza\u00e7\u00e3o de exames e outros.<\/p>\n<p><a href=\"http:\/\/caririemacao.com\/1\/?attachment_id=49502\" rel=\"attachment wp-att-49502\"><img decoding=\"async\" class=\"aligncenter size-full wp-image-49502 lazyload\" data-src=\"http:\/\/caririemacao.com\/1\/wp-content\/uploads\/2018\/04\/IMG_7921.jpg\" alt=\"\" width=\"800\" height=\"533\" data-srcset=\"https:\/\/www.caririemacao.com\/1\/wp-content\/uploads\/2018\/04\/IMG_7921.jpg 800w, https:\/\/www.caririemacao.com\/1\/wp-content\/uploads\/2018\/04\/IMG_7921-300x200.jpg 300w, https:\/\/www.caririemacao.com\/1\/wp-content\/uploads\/2018\/04\/IMG_7921-768x512.jpg 768w\" data-sizes=\"(max-width: 800px) 100vw, 800px\" src=\"data:image\/svg+xml;base64,PHN2ZyB3aWR0aD0iMSIgaGVpZ2h0PSIxIiB4bWxucz0iaHR0cDovL3d3dy53My5vcmcvMjAwMC9zdmciPjwvc3ZnPg==\" style=\"--smush-placeholder-width: 800px; --smush-placeholder-aspect-ratio: 800\/533;\" \/><\/a><\/p>\n<p>J\u00e1 a Secretaria de Assist\u00eancia Social realizou uma s\u00e9rie de apresenta\u00e7\u00f5es com os jovens e crian\u00e7as atendidas pelo Servi\u00e7o de Conviv\u00eancia e Fortalecimento de V\u00ednculos do munic\u00edpio de Amparo.<a href=\"http:\/\/caririemacao.com\/1\/?attachment_id=49501\" rel=\"attachment wp-att-49501\"><img decoding=\"async\" class=\"aligncenter size-full wp-image-49501 lazyload\" data-src=\"http:\/\/caririemacao.com\/1\/wp-content\/uploads\/2018\/04\/IMG_7875.jpg\" alt=\"\" width=\"800\" height=\"533\" data-srcset=\"https:\/\/www.caririemacao.com\/1\/wp-content\/uploads\/2018\/04\/IMG_7875.jpg 800w, https:\/\/www.caririemacao.com\/1\/wp-content\/uploads\/2018\/04\/IMG_7875-300x200.jpg 300w, https:\/\/www.caririemacao.com\/1\/wp-content\/uploads\/2018\/04\/IMG_7875-768x512.jpg 768w\" data-sizes=\"(max-width: 800px) 100vw, 800px\" src=\"data:image\/svg+xml;base64,PHN2ZyB3aWR0aD0iMSIgaGVpZ2h0PSIxIiB4bWxucz0iaHR0cDovL3d3dy53My5vcmcvMjAwMC9zdmciPjwvc3ZnPg==\" style=\"--smush-placeholder-width: 800px; --smush-placeholder-aspect-ratio: 800\/533;\" \/><\/a><\/p>\n<p>Em conversa com o site Cariri em A\u00e7\u00e3o, a secret\u00e1ria de Assist\u00eancia Social, Cleide N\u00f3brega, destacou a import\u00e2ncia do servi\u00e7o para o munic\u00edpio e afirmou que as apresenta\u00e7\u00f5es \u00e9 uma forma de prestar contas do que est\u00e1 sendo realizado na Gest\u00e3o Municipal, atrav\u00e9s da Secretaria de A\u00e7\u00e3o Social.<\/p>\n<p>J\u00e1 para o secret\u00e1rio de sa\u00fade, Jussi\u00ea Lacerda, afirmou que o dia era um dia de fortalecimento da sa\u00fade que tem caminhado muito bem. De acordo com Jussi\u00ea, a feira \u00e9 uma forma de diminuir tamb\u00e9m as demandas da sa\u00fade no munic\u00edpio de Amparo.<\/p>\n<p><strong>Veja fotos clicando no link abaixo\u00a0<\/strong><\/p>\n<p><a href=\"https:\/\/www.facebook.com\/pg\/CaririEmAcao\/photos\/?tab=album&amp;album_id=1232412520228102\">Feira de Sa\u00fade Socioassistencial<\/a><\/p>\n<p><strong>CARIRI EM A\u00c7\u00c3O<\/strong><\/p>\n<p><strong style=\"font-style: inherit;\">Leia mais not\u00edcias em\u00a0<\/strong><a style=\"font-style: inherit; font-weight: inherit;\" href=\"http:\/\/www.caririemacao.com\/\"><strong style=\"font-style: inherit;\">caririemacao.com<\/strong><\/a><strong style=\"font-style: inherit;\">, siga nossa p\u00e1gina no\u00a0<\/strong><a style=\"font-style: inherit; font-weight: inherit;\" href=\"https:\/\/www.facebook.com\/CaririEmAcao\/?ref=aymt_homepage_panel\"><strong style=\"font-style: inherit;\">Facebook<\/strong><\/a>,<strong style=\"font-style: inherit;\">\u00a0<\/strong><a style=\"font-style: inherit; font-weight: inherit;\" href=\"https:\/\/www.instagram.com\/cariri_em_acao\/?hl=pt-br\"><strong style=\"font-style: inherit;\">Instagram<\/strong><\/a><strong style=\"font-style: inherit;\">\u00a0e\u00a0<\/strong><a style=\"font-style: inherit; font-weight: inherit;\" href=\"https:\/\/www.youtube.com\/channel\/UCAptA0jQuYQy8vMhLt2m4qg\"><strong style=\"font-style: inherit;\">Youtube<\/strong><\/a><strong style=\"font-style: inherit;\">\u00a0e veja nossas mat\u00e9rias, v\u00eddeos e fotos. Voc\u00ea tamb\u00e9m pode enviar informa\u00e7\u00f5es \u00e0 Reda\u00e7\u00e3o do Portal Cariri em A\u00e7\u00e3o pelo WhatsApp (83) 9 9634.5791, (83) 9 9601-1162.<\/strong><\/p>\n","protected":false},"excerpt":{"rendered":"<p>O munic\u00edpio de Amparo realizou neste dia 29, data em que o munic\u00edpio celebrou 24 anos de emancipa\u00e7\u00e3o pol\u00edtica a Feira de Sa\u00fade Socioassistencial. Na&hellip; <\/p>\n","protected":false},"author":2,"featured_media":49503,"comment_status":"closed","ping_status":"closed","sticky":false,"template":"","format":"standard","meta":{"sfsi_plus_gutenberg_text_before_share":"","sfsi_plus_gutenberg_show_text_before_share":"","sfsi_plus_gutenberg_icon_type":"","sfsi_plus_gutenberg_icon_alignemt":"","sfsi_plus_gutenburg_max_per_row":"","footnotes":""},"categories":[2],"tags":[],"class_list":["post-49499","post","type-post","status-publish","format-standard","has-post-thumbnail","hentry","category-geral"],"_links":{"self":[{"href":"https:\/\/www.caririemacao.com\/1\/wp-json\/wp\/v2\/posts\/49499","targetHints":{"allow":["GET"]}}],"collection":[{"href":"https:\/\/www.caririemacao.com\/1\/wp-json\/wp\/v2\/posts"}],"about":[{"href":"https:\/\/www.caririemacao.com\/1\/wp-json\/wp\/v2\/types\/post"}],"author":[{"embeddable":true,"href":"https:\/\/www.caririemacao.com\/1\/wp-json\/wp\/v2\/users\/2"}],"replies":[{"embeddable":true,"href":"https:\/\/www.caririemacao.com\/1\/wp-json\/wp\/v2\/comments?post=49499"}],"version-history":[{"count":0,"href":"https:\/\/www.caririemacao.com\/1\/wp-json\/wp\/v2\/posts\/49499\/revisions"}],"wp:featuredmedia":[{"embeddable":true,"href":"https:\/\/www.caririemacao.com\/1\/wp-json\/wp\/v2\/media\/49503"}],"wp:attachment":[{"href":"https:\/\/www.caririemacao.com\/1\/wp-json\/wp\/v2\/media?parent=49499"}],"wp:term":[{"taxonomy":"category","embeddable":true,"href":"https:\/\/www.caririemacao.com\/1\/wp-json\/wp\/v2\/categories?post=49499"},{"taxonomy":"post_tag","embeddable":true,"href":"https:\/\/www.caririemacao.com\/1\/wp-json\/wp\/v2\/tags?post=49499"}],"curies":[{"name":"wp","href":"https:\/\/api.w.org\/{rel}","templated":true}]}}