{"id":49535,"date":"2018-04-29T08:53:14","date_gmt":"2018-04-29T11:53:14","guid":{"rendered":"http:\/\/caririemacao.com\/1\/?p=49535"},"modified":"2018-04-30T09:56:07","modified_gmt":"2018-04-30T12:56:07","slug":"divulgados-gabaritos-do-concurso-da-pm-e-bombeiros","status":"publish","type":"post","link":"https:\/\/www.caririemacao.com\/1\/2018\/04\/29\/divulgados-gabaritos-do-concurso-da-pm-e-bombeiros\/","title":{"rendered":"Divulgados gabaritos do concurso da PM e Bombeiros"},"content":{"rendered":"<div class=\"mc-column content-text active-extra-styles active-capital-letter\" data-block-type=\"unstyled\" data-block-weight=\"63\" data-block-id=\"2\">\n<p class=\"content-text__container theme-color-primary-first-letter\" data-track-category=\"Link no Texto\" data-track-links=\"\">Foram divulgados na tarde deste domingo (29) os gabaritos preliminares e cadernos de quest\u00f5es do\u00a0concurso da Pol\u00edcia Militar e Corpo de Bombeiros da Para\u00edba, cujas provas aconteceram pela manh\u00e3 em 166 locais de prova nas cidades de Jo\u00e3o Pessoa, Campina Grande, Patos e Cajazeiras. O concurso oferece mil vagas para as duas corpora\u00e7\u00f5es e 5.504 dos\u00a079.501 candidatos inscritos\u00a0faltaram \u00e0s provas.<\/p>\n<\/div>\n<div class=\"mc-column content-text active-extra-styles \" data-block-type=\"unstyled\" data-block-weight=\"23\" data-block-id=\"3\">\n<p class=\"content-text__container \" data-track-category=\"Link no Texto\" data-track-links=\"\">No total, foram aplicadas quatro tipo de provas diferentes e os documentos preliminares est\u00e3o dispon\u00edveis\u00a0<a href=\"https:\/\/www.ibfc.org.br\/concurso\/concurso_selecionado\/323\" target=\"_blank\" rel=\"noopener\">no site da organizadora do concurso, a IBFC.<\/a><\/p>\n<\/div>\n<div class=\"mc-column content-text active-extra-styles \" data-block-type=\"unstyled\" data-block-weight=\"11\" data-block-id=\"4\">\n<p class=\"content-text__container \" data-track-category=\"Link no Texto\" data-track-links=\"\"><strong>Confira os gabaritos do concurso da PM e Bombeiros da Para\u00edba:<\/strong><\/p>\n<\/div>\n<div class=\"mc-column content-text active-extra-styles\" data-block-type=\"raw\" data-block-weight=\"8\" data-block-id=\"5\">\n<ul class=\"content-unordered-list\">\n<li><a href=\"https:\/\/fs.ibfc.org.br\/arquivos\/1c5cd2d0f7909ed7030ddb6bc8f88ae8.pdf\" target=\"_blank\" rel=\"noopener\">Vers\u00e3o A<\/a><\/li>\n<li><a href=\"https:\/\/fs.ibfc.org.br\/arquivos\/eaae4ecbebbbd6e3fa7f25dffc02db90.pdf\" target=\"_blank\" rel=\"noopener\">Vers\u00e3o B<\/a><\/li>\n<li><a href=\"https:\/\/fs.ibfc.org.br\/arquivos\/8f268ea4ce9f646d0949cc2871ad3ceb.pdf\" target=\"_blank\" rel=\"noopener\">Vers\u00e3o C<\/a><\/li>\n<li><a href=\"https:\/\/fs.ibfc.org.br\/arquivos\/e95de1ac082deda076cc6f4bb828b468.pdf\" target=\"_blank\" rel=\"noopener\">Vers\u00e3o D<\/a><\/li>\n<\/ul>\n<\/div>\n<div class=\"mc-column content-text active-extra-styles \" data-block-type=\"unstyled\" data-block-weight=\"55\" data-block-id=\"6\">\n<p class=\"content-text__container \" data-track-category=\"Link no Texto\" data-track-links=\"\">Segundo a PM, pelo menos 49 pessoas foram eliminadas por n\u00e3o obedecer as regras do edital. A Pol\u00edcia Militar\u00a0prendeu sete pessoas suspeitas de tentar fraudar o concurso. As pris\u00f5es foram em Jo\u00e3o Pessoa, Campina Grande e Patos. Os candidatos t\u00eam at\u00e9 16h da ter\u00e7a-feira (1\u00b0) para entrar com recursos sobre as quest\u00f5es da prova.<\/p>\n<\/div>\n<div class=\"mc-column content-text active-extra-styles \" data-block-type=\"unstyled\" data-block-weight=\"55\" data-block-id=\"7\">\n<p class=\"content-text__container \" data-track-category=\"Link no Texto\" data-track-links=\"\">De acordo com o edital do concurso, a previs\u00e3o \u00e9 de que na primeira quinzena de maio seja divulgado o resultado final da primeira etapa do certame. Nos dias 19 e 20 de maio, acontecem os exames psicot\u00e9cnicos, que \u00e9 a segunda fase. Os exames de sa\u00fade e os testes f\u00edsicos devem acontecer em junho.<\/p>\n<\/div>\n<div data-track-category=\"fim do conteudo\" data-track-action=\"ultimo chunk conteudo\" data-track-noninteraction=\"false\" data-track-scroll=\"entrada completa viewport\">\n<div class=\"mc-column content-text active-extra-styles \" data-block-type=\"unstyled\" data-block-weight=\"49\" data-block-id=\"8\">\n<p class=\"content-text__container \" data-track-category=\"Link no Texto\" data-track-links=\"\">No total, s\u00e3o oferecidas 400 vagas para a regi\u00e3o de Campina Grande, 346 para a Regi\u00e3o de Jo\u00e3o Pessoa e 254 para o Sert\u00e3o. As oportunidades s\u00e3o para cargos de soldado da qualifica\u00e7\u00e3o de pra\u00e7as combatentes (QPC), da Pol\u00edcia Militar, e soldado do quadro de pra\u00e7as bombeiro militar combatente.<\/p>\n<p><strong>CARIRI EM A\u00c7\u00c3O<\/strong><\/p>\n<p>Com G1\/Foto: G1<\/p>\n<p>Leia mais not\u00edcias em\u00a0caririemacao.com, siga nossa p\u00e1gina no\u00a0Facebook,\u00a0Instagram\u00a0e\u00a0Youtube\u00a0e veja nossas mat\u00e9rias, v\u00eddeos e fotos. Voc\u00ea tamb\u00e9m pode enviar informa\u00e7\u00f5es \u00e0 Reda\u00e7\u00e3o do Portal Cariri em A\u00e7\u00e3o pelo WhatsApp (83) 9 9634.5791, (83) 9 9601-1162.<\/p>\n<\/div>\n<\/div>\n","protected":false},"excerpt":{"rendered":"<p>Foram divulgados na tarde deste domingo (29) os gabaritos preliminares e cadernos de quest\u00f5es do\u00a0concurso da Pol\u00edcia Militar e Corpo de Bombeiros da Para\u00edba, cujas&hellip; <\/p>\n","protected":false},"author":2,"featured_media":49536,"comment_status":"closed","ping_status":"closed","sticky":false,"template":"","format":"standard","meta":{"sfsi_plus_gutenberg_text_before_share":"","sfsi_plus_gutenberg_show_text_before_share":"","sfsi_plus_gutenberg_icon_type":"","sfsi_plus_gutenberg_icon_alignemt":"","sfsi_plus_gutenburg_max_per_row":"","footnotes":""},"categories":[2],"tags":[],"class_list":["post-49535","post","type-post","status-publish","format-standard","has-post-thumbnail","hentry","category-geral"],"_links":{"self":[{"href":"https:\/\/www.caririemacao.com\/1\/wp-json\/wp\/v2\/posts\/49535","targetHints":{"allow":["GET"]}}],"collection":[{"href":"https:\/\/www.caririemacao.com\/1\/wp-json\/wp\/v2\/posts"}],"about":[{"href":"https:\/\/www.caririemacao.com\/1\/wp-json\/wp\/v2\/types\/post"}],"author":[{"embeddable":true,"href":"https:\/\/www.caririemacao.com\/1\/wp-json\/wp\/v2\/users\/2"}],"replies":[{"embeddable":true,"href":"https:\/\/www.caririemacao.com\/1\/wp-json\/wp\/v2\/comments?post=49535"}],"version-history":[{"count":0,"href":"https:\/\/www.caririemacao.com\/1\/wp-json\/wp\/v2\/posts\/49535\/revisions"}],"wp:featuredmedia":[{"embeddable":true,"href":"https:\/\/www.caririemacao.com\/1\/wp-json\/wp\/v2\/media\/49536"}],"wp:attachment":[{"href":"https:\/\/www.caririemacao.com\/1\/wp-json\/wp\/v2\/media?parent=49535"}],"wp:term":[{"taxonomy":"category","embeddable":true,"href":"https:\/\/www.caririemacao.com\/1\/wp-json\/wp\/v2\/categories?post=49535"},{"taxonomy":"post_tag","embeddable":true,"href":"https:\/\/www.caririemacao.com\/1\/wp-json\/wp\/v2\/tags?post=49535"}],"curies":[{"name":"wp","href":"https:\/\/api.w.org\/{rel}","templated":true}]}}