{"id":49541,"date":"2018-04-30T11:35:22","date_gmt":"2018-04-30T14:35:22","guid":{"rendered":"http:\/\/caririemacao.com\/1\/?p=49541"},"modified":"2018-04-30T11:36:41","modified_gmt":"2018-04-30T14:36:41","slug":"gente-boa-e-mercinho-e-forro-canto-da-serra-encerram-festividades-dos-24-anos-de-amparo","status":"publish","type":"post","link":"https:\/\/www.caririemacao.com\/1\/2018\/04\/30\/gente-boa-e-mercinho-e-forro-canto-da-serra-encerram-festividades-dos-24-anos-de-amparo\/","title":{"rendered":"Gente Boa e Mercinho e Forr\u00f3 Canto da Serra encerram festividades dos 24 anos de Amparo"},"content":{"rendered":"<p>O \u00faltimo dia das festividades da programa\u00e7\u00e3o comemorativa dos 24 anos de Emancipa\u00e7\u00e3o Pol\u00edtica de Amparo, conhecida como a Capital do Amor e da F\u00e9, contou com os animados shows do Forr\u00f3 Gente Boa e Mercinho e Forr\u00f3 Canto da Serra.<\/p>\n<p>As duas bandas encerraram as comemora\u00e7\u00f5es que tiveram in\u00edcio na sexta-feira, dia 27. Na programa\u00e7\u00e3o constou com exposi\u00e7\u00f5es, gincana, Jericada, feira sa\u00fade s\u00f3cio assistencial, final da Copa Amparense, hasteamento das bandeiras, Missa em A\u00e7\u00e3o de Gra\u00e7a e inaugura\u00e7\u00e3o da Pra\u00e7a Miguel Pereira.<\/p>\n<p><a href=\"http:\/\/caririemacao.com\/1\/?attachment_id=49542\" rel=\"attachment wp-att-49542\"><img fetchpriority=\"high\" decoding=\"async\" class=\"aligncenter size-full wp-image-49542\" src=\"http:\/\/caririemacao.com\/1\/wp-content\/uploads\/2018\/04\/DSC_0006.jpg\" alt=\"\" width=\"1000\" height=\"667\" srcset=\"https:\/\/www.caririemacao.com\/1\/wp-content\/uploads\/2018\/04\/DSC_0006.jpg 1000w, https:\/\/www.caririemacao.com\/1\/wp-content\/uploads\/2018\/04\/DSC_0006-300x200.jpg 300w, https:\/\/www.caririemacao.com\/1\/wp-content\/uploads\/2018\/04\/DSC_0006-768x512.jpg 768w\" sizes=\"(max-width: 1000px) 100vw, 1000px\" \/><\/a><\/p>\n<p>Durante este domingo, o prefeito In\u00e1cio recebeu a visita do deputado estadual Tovar que foi prestigiar ao lado de amigos o \u00faltimo dia das comemora\u00e7\u00f5es do anivers\u00e1rio da cidade.<\/p>\n<p><a href=\"http:\/\/caririemacao.com\/1\/?attachment_id=49545\" rel=\"attachment wp-att-49545\"><img decoding=\"async\" class=\"aligncenter size-full wp-image-49545 lazyload\" data-src=\"http:\/\/caririemacao.com\/1\/wp-content\/uploads\/2018\/04\/IMG_8545.jpg\" alt=\"\" width=\"1000\" height=\"667\" data-srcset=\"https:\/\/www.caririemacao.com\/1\/wp-content\/uploads\/2018\/04\/IMG_8545.jpg 1000w, https:\/\/www.caririemacao.com\/1\/wp-content\/uploads\/2018\/04\/IMG_8545-300x200.jpg 300w, https:\/\/www.caririemacao.com\/1\/wp-content\/uploads\/2018\/04\/IMG_8545-768x512.jpg 768w\" data-sizes=\"(max-width: 1000px) 100vw, 1000px\" src=\"data:image\/svg+xml;base64,PHN2ZyB3aWR0aD0iMSIgaGVpZ2h0PSIxIiB4bWxucz0iaHR0cDovL3d3dy53My5vcmcvMjAwMC9zdmciPjwvc3ZnPg==\" style=\"--smush-placeholder-width: 1000px; --smush-placeholder-aspect-ratio: 1000\/667;\" \/><\/a><\/p>\n<p>Na ocasi\u00e3o do evento, o deputado subiu ao palco e tamb\u00e9m cantou ao lado de Mercinho, abrilhantando mais ainda o evento.<\/p>\n<p><a href=\"http:\/\/caririemacao.com\/1\/?attachment_id=49546\" rel=\"attachment wp-att-49546\"><img decoding=\"async\" class=\"aligncenter size-full wp-image-49546 lazyload\" data-src=\"http:\/\/caririemacao.com\/1\/wp-content\/uploads\/2018\/04\/IMG_8568.jpg\" alt=\"\" width=\"1000\" height=\"667\" data-srcset=\"https:\/\/www.caririemacao.com\/1\/wp-content\/uploads\/2018\/04\/IMG_8568.jpg 1000w, https:\/\/www.caririemacao.com\/1\/wp-content\/uploads\/2018\/04\/IMG_8568-300x200.jpg 300w, https:\/\/www.caririemacao.com\/1\/wp-content\/uploads\/2018\/04\/IMG_8568-768x512.jpg 768w\" data-sizes=\"(max-width: 1000px) 100vw, 1000px\" src=\"data:image\/svg+xml;base64,PHN2ZyB3aWR0aD0iMSIgaGVpZ2h0PSIxIiB4bWxucz0iaHR0cDovL3d3dy53My5vcmcvMjAwMC9zdmciPjwvc3ZnPg==\" style=\"--smush-placeholder-width: 1000px; --smush-placeholder-aspect-ratio: 1000\/667;\" \/><\/a><\/p>\n<p>O prefeito In\u00e1cio avaliou o evento com positivo e disse que a cidade estava de parab\u00e9ns por ter uma grande programa\u00e7\u00e3o dividida em tr\u00eas dias e com v\u00e1rias atividades.<\/p>\n<p>In\u00e1cio agradeceu a presen\u00e7a de todos, em especial, aos amparenses que estiveram participando ativamente das atividades e disse ainda que a partir de quarta-feira, dia 02, j\u00e1 estar\u00e1 com sua equipe nos preparativos dos 2\u00ba Amparo Cabra Fest.<\/p>\n<p><a href=\"https:\/\/www.facebook.com\/pg\/CaririEmAcao\/photos\/?tab=album&amp;album_id=1232642203538467\">VEJA MAIS FOTOS AQUI.<\/a><\/p>\n<p><div class=\"ose- ose-uid-a722d947695205488e6923be0b2ab376 ose-embedpress-responsive\" style=\"width:600px; height:550px; max-height:550px; max-width:100%; display:inline-block;\" data-embed-type=\"Facebook\"><iframe allowFullScreen=\"true\" class=\"embera-facebook-iframe-101f3 lazyload\" data-src=\"https:\/\/www.facebook.com\/plugins\/post.php?href=https%3A%2F%2Fwww.facebook.com%2Fmedia%2Fset%2F%3Fset%3Da.1232642203538467.1073742748.302749469861083%26%23038%3Btype%3D1%26%23038%3Bl%3Dce7ea95a61&width=600&height=550&show_text=true\" width=\"600\" height=\"550\" style=\"border:none;overflow:hidden\" scrolling=\"no\" frameborder=\"0\" allowTransparency=\"true\" src=\"data:image\/svg+xml;base64,PHN2ZyB3aWR0aD0iMSIgaGVpZ2h0PSIxIiB4bWxucz0iaHR0cDovL3d3dy53My5vcmcvMjAwMC9zdmciPjwvc3ZnPg==\" data-load-mode=\"1\"><\/iframe><\/div><\/p>\n<p><strong>CARIRI EM A\u00c7\u00c3O<\/strong><\/p>\n<p>Leia mais not\u00edcias em\u00a0caririemacao.com, siga nossa p\u00e1gina no\u00a0Facebook,\u00a0Instagram\u00a0e\u00a0Youtube\u00a0e veja nossas mat\u00e9rias, v\u00eddeos e fotos. Voc\u00ea tamb\u00e9m pode enviar informa\u00e7\u00f5es \u00e0 Reda\u00e7\u00e3o do Portal Cariri em A\u00e7\u00e3o pelo WhatsApp (83) 9 9634.5791, (83) 9 9601-1162.<\/p>\n","protected":false},"excerpt":{"rendered":"<p>O \u00faltimo dia das festividades da programa\u00e7\u00e3o comemorativa dos 24 anos de Emancipa\u00e7\u00e3o Pol\u00edtica de Amparo, conhecida como a Capital do Amor e da F\u00e9,&hellip; <\/p>\n","protected":false},"author":2,"featured_media":49547,"comment_status":"closed","ping_status":"closed","sticky":false,"template":"","format":"standard","meta":{"sfsi_plus_gutenberg_text_before_share":"","sfsi_plus_gutenberg_show_text_before_share":"","sfsi_plus_gutenberg_icon_type":"","sfsi_plus_gutenberg_icon_alignemt":"","sfsi_plus_gutenburg_max_per_row":"","footnotes":""},"categories":[2],"tags":[],"class_list":["post-49541","post","type-post","status-publish","format-standard","has-post-thumbnail","hentry","category-geral"],"_links":{"self":[{"href":"https:\/\/www.caririemacao.com\/1\/wp-json\/wp\/v2\/posts\/49541","targetHints":{"allow":["GET"]}}],"collection":[{"href":"https:\/\/www.caririemacao.com\/1\/wp-json\/wp\/v2\/posts"}],"about":[{"href":"https:\/\/www.caririemacao.com\/1\/wp-json\/wp\/v2\/types\/post"}],"author":[{"embeddable":true,"href":"https:\/\/www.caririemacao.com\/1\/wp-json\/wp\/v2\/users\/2"}],"replies":[{"embeddable":true,"href":"https:\/\/www.caririemacao.com\/1\/wp-json\/wp\/v2\/comments?post=49541"}],"version-history":[{"count":0,"href":"https:\/\/www.caririemacao.com\/1\/wp-json\/wp\/v2\/posts\/49541\/revisions"}],"wp:featuredmedia":[{"embeddable":true,"href":"https:\/\/www.caririemacao.com\/1\/wp-json\/wp\/v2\/media\/49547"}],"wp:attachment":[{"href":"https:\/\/www.caririemacao.com\/1\/wp-json\/wp\/v2\/media?parent=49541"}],"wp:term":[{"taxonomy":"category","embeddable":true,"href":"https:\/\/www.caririemacao.com\/1\/wp-json\/wp\/v2\/categories?post=49541"},{"taxonomy":"post_tag","embeddable":true,"href":"https:\/\/www.caririemacao.com\/1\/wp-json\/wp\/v2\/tags?post=49541"}],"curies":[{"name":"wp","href":"https:\/\/api.w.org\/{rel}","templated":true}]}}