{"id":49549,"date":"2018-04-30T09:26:59","date_gmt":"2018-04-30T12:26:59","guid":{"rendered":"http:\/\/caririemacao.com\/1\/?p=49549"},"modified":"2018-04-30T09:26:59","modified_gmt":"2018-04-30T12:26:59","slug":"aumento-no-bolsa-familia-deve-ser-anunciado-nesta-terca-feira","status":"publish","type":"post","link":"https:\/\/www.caririemacao.com\/1\/2018\/04\/30\/aumento-no-bolsa-familia-deve-ser-anunciado-nesta-terca-feira\/","title":{"rendered":"Aumento no Bolsa Fam\u00edlia deve ser anunciado nesta ter\u00e7a-feira"},"content":{"rendered":"<p><span class=\"news_capital_letter\">O\u00a0<\/span>reajuste no programa Bolsa Fam\u00edlia deve ser divulgado pelo presidente Michel Temer nesta ter\u00e7a-feira (1\u00ba), Dia do Trabalhador. Na \u00faltima sexta (27), sob press\u00e3o da equipe pol\u00edtica, ele alterou a previs\u00e3o inicial, que previa um aumento m\u00e9dio de 3%, para trabalhar na casa dos 5% ou 6%. A infla\u00e7\u00e3o do ano passado ficou em 2,95%.<\/p>\n<div class=\"pub-container inside-news\">\n<div class=\"pub-space\">\u00a0De acordo com informa\u00e7\u00f5es da Folhapress, o Pal\u00e1cio do Planalto temia que uma simples corre\u00e7\u00e3o inflacion\u00e1ria pudesse ser usada por candidatos advers\u00e1rios como argumento de que o MDB faz pouco pela \u00e1rea social. No ano passado, o programa n\u00e3o teve reajuste.<\/div>\n<\/div>\n<p>Em busca de uma agenda positiva, o presidente chegou a afirmar que o aumento seria anunciado ainda na \u00faltima sexta mas, durante reuni\u00e3o o Pal\u00e1cio do Planalto, Temer recuou e preferiu deixar a divulga\u00e7\u00e3o para amanh\u00e3.<\/p>\n<p>Com uma reprova\u00e7\u00e3o de 70%, o presidente articula uma candidatura \u00e0 reelei\u00e7\u00e3o para ficar em evid\u00eancia e evitar que seu mandato perca apoios pol\u00edtico e econ\u00f4mico antes do final do ano. O an\u00fancio do reajuste do Bolsa Fam\u00edlia faz parte do pacote eleitoral montado pelo governo para tentar viabilizar pelo menos o presidente como um fiador do processo eleitoral.<\/p>\n<p>O an\u00fancio do reajuste deste ano estava previsto para mar\u00e7o, mas foi atrasado por uma queda de bra\u00e7o entre as equipes econ\u00f4mica e pol\u00edtica do governo. O Planejamento defendeu, no in\u00edcio do ano, que n\u00e3o houvesse aumento. J\u00e1 o Desenvolvimento Social queria reajuste entre 5% e 10%.<\/p>\n<p><strong>CARIRI EM A\u00c7\u00c3O<\/strong><\/p>\n<p>Com Wscom\/Foto: Reprodu\u00e7\u00e3o google<\/p>\n<p>Leia mais not\u00edcias em\u00a0caririemacao.com, siga nossa p\u00e1gina no\u00a0Facebook,\u00a0Instagram\u00a0e\u00a0Youtube\u00a0e veja nossas mat\u00e9rias, v\u00eddeos e fotos. Voc\u00ea tamb\u00e9m pode enviar informa\u00e7\u00f5es \u00e0 Reda\u00e7\u00e3o do Portal Cariri em A\u00e7\u00e3o pelo WhatsApp (83) 9 9634.5791, (83) 9 9601-1162.<\/p>\n","protected":false},"excerpt":{"rendered":"<p>O\u00a0reajuste no programa Bolsa Fam\u00edlia deve ser divulgado pelo presidente Michel Temer nesta ter\u00e7a-feira (1\u00ba), Dia do Trabalhador. Na \u00faltima sexta (27), sob press\u00e3o da&hellip; <\/p>\n","protected":false},"author":2,"featured_media":18008,"comment_status":"closed","ping_status":"closed","sticky":false,"template":"","format":"standard","meta":{"sfsi_plus_gutenberg_text_before_share":"","sfsi_plus_gutenberg_show_text_before_share":"","sfsi_plus_gutenberg_icon_type":"","sfsi_plus_gutenberg_icon_alignemt":"","sfsi_plus_gutenburg_max_per_row":"","footnotes":""},"categories":[2],"tags":[],"class_list":["post-49549","post","type-post","status-publish","format-standard","has-post-thumbnail","hentry","category-geral"],"_links":{"self":[{"href":"https:\/\/www.caririemacao.com\/1\/wp-json\/wp\/v2\/posts\/49549","targetHints":{"allow":["GET"]}}],"collection":[{"href":"https:\/\/www.caririemacao.com\/1\/wp-json\/wp\/v2\/posts"}],"about":[{"href":"https:\/\/www.caririemacao.com\/1\/wp-json\/wp\/v2\/types\/post"}],"author":[{"embeddable":true,"href":"https:\/\/www.caririemacao.com\/1\/wp-json\/wp\/v2\/users\/2"}],"replies":[{"embeddable":true,"href":"https:\/\/www.caririemacao.com\/1\/wp-json\/wp\/v2\/comments?post=49549"}],"version-history":[{"count":0,"href":"https:\/\/www.caririemacao.com\/1\/wp-json\/wp\/v2\/posts\/49549\/revisions"}],"wp:featuredmedia":[{"embeddable":true,"href":"https:\/\/www.caririemacao.com\/1\/wp-json\/wp\/v2\/media\/18008"}],"wp:attachment":[{"href":"https:\/\/www.caririemacao.com\/1\/wp-json\/wp\/v2\/media?parent=49549"}],"wp:term":[{"taxonomy":"category","embeddable":true,"href":"https:\/\/www.caririemacao.com\/1\/wp-json\/wp\/v2\/categories?post=49549"},{"taxonomy":"post_tag","embeddable":true,"href":"https:\/\/www.caririemacao.com\/1\/wp-json\/wp\/v2\/tags?post=49549"}],"curies":[{"name":"wp","href":"https:\/\/api.w.org\/{rel}","templated":true}]}}