{"id":49551,"date":"2018-04-29T05:29:16","date_gmt":"2018-04-29T08:29:16","guid":{"rendered":"http:\/\/caririemacao.com\/1\/?p=49551"},"modified":"2018-04-30T09:52:44","modified_gmt":"2018-04-30T12:52:44","slug":"prefeito-adriano-wolff-e-o-aniversariante-deste-domingo-e-recebe-os-parabens-de-toda-a-comunidade-umbuzeirense","status":"publish","type":"post","link":"https:\/\/www.caririemacao.com\/1\/2018\/04\/29\/prefeito-adriano-wolff-e-o-aniversariante-deste-domingo-e-recebe-os-parabens-de-toda-a-comunidade-umbuzeirense\/","title":{"rendered":"Prefeito Adriano Wolff \u00e9 o aniversariante deste domingo e recebe os parab\u00e9ns de toda a comunidade umbuzeirense"},"content":{"rendered":"<p>O prefeito de SS do Umbuzeiro Adriano Wolff \u00e9 o aniversariante deste Domingo, dia 29 de Abril de 2018.<\/p>\n<p>Adriano \u00e9 um verdadeiro exemplo de luta, perseveran\u00e7a e crescimento. Desde a inf\u00e2ncia n\u00e3o teve vida f\u00e1cil, e sempre enfrentou de peito aberto e com muita disposi\u00e7\u00e3o as adversidades que a vida lhe imp\u00f4s.<\/p>\n<p>Desde cedo aprendeu que precisava lutar e ir em busca de seus ideais e suas conquistas, e nada veio sem muito suor e dedica\u00e7\u00e3o em sua vida.<\/p>\n<p>Hoje, realiza o sonho e assume a imensa responsabilidade de administrar a terra que ama, e para a qual voltou com o desejo no cora\u00e7\u00e3o de fazer o bem aos seus irm\u00e3os umbuzeirenses.<\/p>\n<p>Pai dedicado, esposo muito amado. Amigo considerado, gestor capacitado e homem p\u00fablico respeit\u00e1vel.<\/p>\n<p>Parab\u00e9ns Adriano Wolff. Hoje S\u00e3o Sebasti\u00e3o de Umbuzeiro te parabeniza, e agradece tua dedica\u00e7\u00e3o e teu comportamento, te desejando muita paz, sa\u00fade e as b\u00ean\u00e7\u00e3os do nosso padroeiro e de Nosso Senhor Jesus, sobre tua casa, tua vida e toda a tua fam\u00edlia.<\/p>\n<p>Mensagem da imprensa, vereadores, vice prefeito Chico de Mariano, 1\u00aa dama Melina Morena, filhos, fam\u00edlia e povo umbuzeirense.<\/p>\n<p><strong>CARIRI EM A\u00c7\u00c3O<\/strong><\/p>\n<p>Com Blog do Didi\/Foto:\u00a0Blog do Didi<\/p>\n<p>Leia mais not\u00edcias em\u00a0caririemacao.com, siga nossa p\u00e1gina no\u00a0Facebook,\u00a0Instagram\u00a0e\u00a0Youtube\u00a0e veja nossas mat\u00e9rias, v\u00eddeos e fotos. Voc\u00ea tamb\u00e9m pode enviar informa\u00e7\u00f5es \u00e0 Reda\u00e7\u00e3o do Portal Cariri em A\u00e7\u00e3o pelo WhatsApp (83) 9 9634.5791, (83) 9 9601-1162.<\/p>\n","protected":false},"excerpt":{"rendered":"<p>O prefeito de SS do Umbuzeiro Adriano Wolff \u00e9 o aniversariante deste Domingo, dia 29 de Abril de 2018. Adriano \u00e9 um verdadeiro exemplo de&hellip; <\/p>\n","protected":false},"author":2,"featured_media":49552,"comment_status":"closed","ping_status":"closed","sticky":false,"template":"","format":"standard","meta":{"sfsi_plus_gutenberg_text_before_share":"","sfsi_plus_gutenberg_show_text_before_share":"","sfsi_plus_gutenberg_icon_type":"","sfsi_plus_gutenberg_icon_alignemt":"","sfsi_plus_gutenburg_max_per_row":"","footnotes":""},"categories":[6],"tags":[],"class_list":["post-49551","post","type-post","status-publish","format-standard","has-post-thumbnail","hentry","category-cidades"],"_links":{"self":[{"href":"https:\/\/www.caririemacao.com\/1\/wp-json\/wp\/v2\/posts\/49551","targetHints":{"allow":["GET"]}}],"collection":[{"href":"https:\/\/www.caririemacao.com\/1\/wp-json\/wp\/v2\/posts"}],"about":[{"href":"https:\/\/www.caririemacao.com\/1\/wp-json\/wp\/v2\/types\/post"}],"author":[{"embeddable":true,"href":"https:\/\/www.caririemacao.com\/1\/wp-json\/wp\/v2\/users\/2"}],"replies":[{"embeddable":true,"href":"https:\/\/www.caririemacao.com\/1\/wp-json\/wp\/v2\/comments?post=49551"}],"version-history":[{"count":0,"href":"https:\/\/www.caririemacao.com\/1\/wp-json\/wp\/v2\/posts\/49551\/revisions"}],"wp:featuredmedia":[{"embeddable":true,"href":"https:\/\/www.caririemacao.com\/1\/wp-json\/wp\/v2\/media\/49552"}],"wp:attachment":[{"href":"https:\/\/www.caririemacao.com\/1\/wp-json\/wp\/v2\/media?parent=49551"}],"wp:term":[{"taxonomy":"category","embeddable":true,"href":"https:\/\/www.caririemacao.com\/1\/wp-json\/wp\/v2\/categories?post=49551"},{"taxonomy":"post_tag","embeddable":true,"href":"https:\/\/www.caririemacao.com\/1\/wp-json\/wp\/v2\/tags?post=49551"}],"curies":[{"name":"wp","href":"https:\/\/api.w.org\/{rel}","templated":true}]}}