{"id":49562,"date":"2018-04-30T09:56:31","date_gmt":"2018-04-30T12:56:31","guid":{"rendered":"http:\/\/caririemacao.com\/1\/?p=49562"},"modified":"2018-04-30T11:49:56","modified_gmt":"2018-04-30T14:49:56","slug":"prefeitura-de-sume-atende-800-agricultores-com-programa-de-aracao-de-terra","status":"publish","type":"post","link":"https:\/\/www.caririemacao.com\/1\/2018\/04\/30\/prefeitura-de-sume-atende-800-agricultores-com-programa-de-aracao-de-terra\/","title":{"rendered":"Prefeitura de Sum\u00e9 atende 800 agricultores com programa de ara\u00e7\u00e3o de terra"},"content":{"rendered":"<p>A Prefeitura de Sum\u00e9, atrav\u00e9s da Secretaria de Desenvolvimento Agropecu\u00e1rio, est\u00e1 concluindo o cronograma de ara\u00e7\u00e3o de terras para os agricultores familiares do munic\u00edpio.<\/p>\n<p>Foram atendidos 800 agricultores, sendo disponibilizadas 775 horas-m\u00e1quina trabalhadas na ara\u00e7\u00e3o de terra.<\/p>\n<p>Para atender todo o p\u00fablico foram contratados cinco tratores agr\u00edcolas, juntamente com um trator da frota do munic\u00edpio, sendo investidos pela Prefeitura R$ 93 mil com o corte de terra.<\/p>\n<p>Juntamente com a ara\u00e7\u00e3o de terra, a Prefeitura aderiu ao Garantia Safra, cadastrando 617 agricultores, resultando numa contrapartida de aportes ao Programa no valor de R$ 26 mil.<\/p>\n<p>Somando as duas a\u00e7\u00f5es, a Prefeitura de Sum\u00e9 totalizou um investimento de R$ 119 mil em benef\u00edcio da agricultura do munic\u00edpio.<\/p>\n<p>Houve tamb\u00e9m a distribui\u00e7\u00e3o de 700 kg de sementes de feij\u00e3o e 1.500 kg de sementes de milho para os agricultores sumeenses feita em parceria com a Emater, atrav\u00e9s do Termo de Coopera\u00e7\u00e3o existente entre as duas institui\u00e7\u00f5es.<\/p>\n<p><strong>CARIRI EM A\u00c7\u00c3O<\/strong><\/p>\n<p>Com Ascom\/Foto: Reprodu\u00e7\u00e3o google<\/p>\n<p>Leia mais not\u00edcias em\u00a0caririemacao.com, siga nossa p\u00e1gina no\u00a0Facebook,\u00a0Instagram\u00a0e\u00a0Youtube\u00a0e veja nossas mat\u00e9rias, v\u00eddeos e fotos. Voc\u00ea tamb\u00e9m pode enviar informa\u00e7\u00f5es \u00e0 Reda\u00e7\u00e3o do Portal Cariri em A\u00e7\u00e3o pelo WhatsApp (83) 9 9634.5791, (83) 9 9601-1162.<\/p>\n","protected":false},"excerpt":{"rendered":"<p>A Prefeitura de Sum\u00e9, atrav\u00e9s da Secretaria de Desenvolvimento Agropecu\u00e1rio, est\u00e1 concluindo o cronograma de ara\u00e7\u00e3o de terras para os agricultores familiares do munic\u00edpio. Foram&hellip; <\/p>\n","protected":false},"author":2,"featured_media":49563,"comment_status":"closed","ping_status":"closed","sticky":false,"template":"","format":"standard","meta":{"sfsi_plus_gutenberg_text_before_share":"","sfsi_plus_gutenberg_show_text_before_share":"","sfsi_plus_gutenberg_icon_type":"","sfsi_plus_gutenberg_icon_alignemt":"","sfsi_plus_gutenburg_max_per_row":"","footnotes":""},"categories":[6],"tags":[],"class_list":["post-49562","post","type-post","status-publish","format-standard","has-post-thumbnail","hentry","category-cidades"],"_links":{"self":[{"href":"https:\/\/www.caririemacao.com\/1\/wp-json\/wp\/v2\/posts\/49562","targetHints":{"allow":["GET"]}}],"collection":[{"href":"https:\/\/www.caririemacao.com\/1\/wp-json\/wp\/v2\/posts"}],"about":[{"href":"https:\/\/www.caririemacao.com\/1\/wp-json\/wp\/v2\/types\/post"}],"author":[{"embeddable":true,"href":"https:\/\/www.caririemacao.com\/1\/wp-json\/wp\/v2\/users\/2"}],"replies":[{"embeddable":true,"href":"https:\/\/www.caririemacao.com\/1\/wp-json\/wp\/v2\/comments?post=49562"}],"version-history":[{"count":0,"href":"https:\/\/www.caririemacao.com\/1\/wp-json\/wp\/v2\/posts\/49562\/revisions"}],"wp:featuredmedia":[{"embeddable":true,"href":"https:\/\/www.caririemacao.com\/1\/wp-json\/wp\/v2\/media\/49563"}],"wp:attachment":[{"href":"https:\/\/www.caririemacao.com\/1\/wp-json\/wp\/v2\/media?parent=49562"}],"wp:term":[{"taxonomy":"category","embeddable":true,"href":"https:\/\/www.caririemacao.com\/1\/wp-json\/wp\/v2\/categories?post=49562"},{"taxonomy":"post_tag","embeddable":true,"href":"https:\/\/www.caririemacao.com\/1\/wp-json\/wp\/v2\/tags?post=49562"}],"curies":[{"name":"wp","href":"https:\/\/api.w.org\/{rel}","templated":true}]}}