{"id":49568,"date":"2018-04-30T10:03:39","date_gmt":"2018-04-30T13:03:39","guid":{"rendered":"http:\/\/caririemacao.com\/1\/?p=49568"},"modified":"2018-04-30T10:03:39","modified_gmt":"2018-04-30T13:03:39","slug":"feto-em-formacao-foi-encontrado-dentro-de-um-sacola-na-cidade-de-cajazeiras","status":"publish","type":"post","link":"https:\/\/www.caririemacao.com\/1\/2018\/04\/30\/feto-em-formacao-foi-encontrado-dentro-de-um-sacola-na-cidade-de-cajazeiras\/","title":{"rendered":"Feto em forma\u00e7\u00e3o foi encontrado dentro de um sacola na Cidade de Cajazeiras"},"content":{"rendered":"<p>No \u00faltimo domingo (29), um feto em forma\u00e7\u00e3o foi encontrado dentro de um sacola na Rua Bar\u00e3o do Rio Branco no centro de Cajazeiras, Sert\u00e3o paraibano.<\/p>\n<p>De acordo com informa\u00e7\u00f5es, os Peritos do IPC de imediato abriram o saco e perceberam ser um feto, que foi encaminhado \u00e0 delegacia.<\/p>\n<p>O feto foi levado ao NUMOL de Patos para os procedimentos legais.<\/p>\n<p><strong>CARIRI EM A\u00c7\u00c3O<\/strong><\/p>\n<p>Com Rep\u00f3rter PB\/Foto:\u00a0Rep\u00f3rter PB<\/p>\n<p>Leia mais not\u00edcias em\u00a0caririemacao.com, siga nossa p\u00e1gina no\u00a0Facebook,\u00a0Instagram\u00a0e\u00a0Youtube\u00a0e veja nossas mat\u00e9rias, v\u00eddeos e fotos. Voc\u00ea tamb\u00e9m pode enviar informa\u00e7\u00f5es \u00e0 Reda\u00e7\u00e3o do Portal Cariri em A\u00e7\u00e3o pelo WhatsApp (83) 9 9634.5791, (83) 9 9601-1162.<\/p>\n","protected":false},"excerpt":{"rendered":"<p>No \u00faltimo domingo (29), um feto em forma\u00e7\u00e3o foi encontrado dentro de um sacola na Rua Bar\u00e3o do Rio Branco no centro de Cajazeiras, Sert\u00e3o&hellip; <\/p>\n","protected":false},"author":2,"featured_media":49569,"comment_status":"closed","ping_status":"closed","sticky":false,"template":"","format":"standard","meta":{"sfsi_plus_gutenberg_text_before_share":"","sfsi_plus_gutenberg_show_text_before_share":"","sfsi_plus_gutenberg_icon_type":"","sfsi_plus_gutenberg_icon_alignemt":"","sfsi_plus_gutenburg_max_per_row":"","footnotes":""},"categories":[12],"tags":[],"class_list":["post-49568","post","type-post","status-publish","format-standard","has-post-thumbnail","hentry","category-policia"],"_links":{"self":[{"href":"https:\/\/www.caririemacao.com\/1\/wp-json\/wp\/v2\/posts\/49568","targetHints":{"allow":["GET"]}}],"collection":[{"href":"https:\/\/www.caririemacao.com\/1\/wp-json\/wp\/v2\/posts"}],"about":[{"href":"https:\/\/www.caririemacao.com\/1\/wp-json\/wp\/v2\/types\/post"}],"author":[{"embeddable":true,"href":"https:\/\/www.caririemacao.com\/1\/wp-json\/wp\/v2\/users\/2"}],"replies":[{"embeddable":true,"href":"https:\/\/www.caririemacao.com\/1\/wp-json\/wp\/v2\/comments?post=49568"}],"version-history":[{"count":0,"href":"https:\/\/www.caririemacao.com\/1\/wp-json\/wp\/v2\/posts\/49568\/revisions"}],"wp:featuredmedia":[{"embeddable":true,"href":"https:\/\/www.caririemacao.com\/1\/wp-json\/wp\/v2\/media\/49569"}],"wp:attachment":[{"href":"https:\/\/www.caririemacao.com\/1\/wp-json\/wp\/v2\/media?parent=49568"}],"wp:term":[{"taxonomy":"category","embeddable":true,"href":"https:\/\/www.caririemacao.com\/1\/wp-json\/wp\/v2\/categories?post=49568"},{"taxonomy":"post_tag","embeddable":true,"href":"https:\/\/www.caririemacao.com\/1\/wp-json\/wp\/v2\/tags?post=49568"}],"curies":[{"name":"wp","href":"https:\/\/api.w.org\/{rel}","templated":true}]}}