{"id":49571,"date":"2018-04-30T10:07:35","date_gmt":"2018-04-30T13:07:35","guid":{"rendered":"http:\/\/caririemacao.com\/1\/?p=49571"},"modified":"2018-04-30T10:07:35","modified_gmt":"2018-04-30T13:07:35","slug":"julgamento-virtual-que-pode-soltar-lula-comeca-esta-semana-no-stf","status":"publish","type":"post","link":"https:\/\/www.caririemacao.com\/1\/2018\/04\/30\/julgamento-virtual-que-pode-soltar-lula-comeca-esta-semana-no-stf\/","title":{"rendered":"\u2018Julgamento virtual\u2019 que pode soltar Lula come\u00e7a esta semana no STF"},"content":{"rendered":"<p><span class=\"news_capital_letter\">O<\/span>julgamento virtual que vai analisar o recurso do ex-presidente Luiz In\u00e1cio Lula da Silva no Supremo Tribunal Federal (STF) para deixar a pris\u00e3o ser\u00e1 iniciado na pr\u00f3xima sexta-feira (4). Na a\u00e7\u00e3o, a defesa de Lula pretende derrubar a decis\u00e3o do juiz federal S\u00e9rgio Moro, que determinou a execu\u00e7\u00e3o provis\u00f3ria da pena de 12 anos de pris\u00e3o na a\u00e7\u00e3o penal do tr\u00edplex do Guaruj\u00e1 (SP).<\/p>\n<div class=\"pub-container inside-news\">\n<div class=\"pub-space\">\u00a0A partir das 18h do dia 4 maio, ser\u00e1 aberto um prazo de uma semana que os ministros da Segunda Turma entrem no sistema e possam proferir seus votos. Encerrado o prazo, \u00e0 meia-noite do dia 10 de maio, o resultado do julgamento ser\u00e1 publicado. Dessa forma, n\u00e3o haver\u00e1 reuni\u00e3o presencial para julgar o caso. Caso todos os ministros do colegiado insiram seus votos antes do dia 10, o resultado poder\u00e1 ser divulgado antes do fim do prazo. As informa\u00e7\u00f5es s\u00e3o da Ag\u00eancia Brasil.<\/div>\n<\/div>\n<p>Em geral, o julgamento virtual \u00e9 usado para decis\u00f5es que n\u00e3o t\u00eam grande repercuss\u00e3o e que possuem jurisprud\u00eancia pac\u00edfica. No entanto, a medida do relator do caso, ministro Edson\u00a0Fachin, foi entendida dentro do tribunal como uma forma de ganhar tempo. A maioria dos integrantes da Segunda Turma \u00e9 contra o entendimento que autoriza a pris\u00e3o ap\u00f3s a segunda inst\u00e2ncia da Justi\u00e7a.<\/p>\n<p>Com a exce\u00e7\u00e3o de Fachin, os ministros Gilmar Mendes, Celso de Mello, Ricardo Lewandowski e Dias Toffoli se manifestaram contra a medida em outros julgamentos sobre o mesmo tema, inclusive no\u00a0<em>habeas corpus<\/em>\u00a0em que a Corte negou pedido de Lula para n\u00e3o ser preso, no in\u00edcio do m\u00eas.<\/p>\n<p>Na reclama\u00e7\u00e3o, a defesa de Lula sustenta que Moro n\u00e3o poderia ter executado a pena porque n\u00e3o houve esgotamento dos recursos no Tribunal Regional Federal da 4\u00aa Regi\u00e3o (TRF), segunda inst\u00e2ncia da Justi\u00e7a Federal. Para os advogados, a decis\u00e3o do Supremo que autorizou as pris\u00f5es ap\u00f3s segunda inst\u00e2ncia, em 2016, deve ser aplicada somente ap\u00f3s o tr\u00e2nsito em julgado no TRF4. Os advogados tamb\u00e9m pedem que o ex-presidente possa aguardar em liberdade o fim de todos os recursos poss\u00edveis na Justi\u00e7a.<\/p>\n<p><strong>CARIRI EM A\u00c7\u00c3O<\/strong><\/p>\n<p>Com Wscom\/Foto: Reprodu\u00e7\u00e3o google<\/p>\n<p>Leia mais not\u00edcias em\u00a0caririemacao.com, siga nossa p\u00e1gina no\u00a0Facebook,\u00a0Instagram\u00a0e\u00a0Youtube\u00a0e veja nossas mat\u00e9rias, v\u00eddeos e fotos. Voc\u00ea tamb\u00e9m pode enviar informa\u00e7\u00f5es \u00e0 Reda\u00e7\u00e3o do Portal Cariri em A\u00e7\u00e3o pelo WhatsApp (83) 9 9634.5791, (83) 9 9601-1162.<\/p>\n","protected":false},"excerpt":{"rendered":"<p>Ojulgamento virtual que vai analisar o recurso do ex-presidente Luiz In\u00e1cio Lula da Silva no Supremo Tribunal Federal (STF) para deixar a pris\u00e3o ser\u00e1 iniciado&hellip; <\/p>\n","protected":false},"author":2,"featured_media":46472,"comment_status":"closed","ping_status":"closed","sticky":false,"template":"","format":"standard","meta":{"sfsi_plus_gutenberg_text_before_share":"","sfsi_plus_gutenberg_show_text_before_share":"","sfsi_plus_gutenberg_icon_type":"","sfsi_plus_gutenberg_icon_alignemt":"","sfsi_plus_gutenburg_max_per_row":"","footnotes":""},"categories":[11],"tags":[],"class_list":["post-49571","post","type-post","status-publish","format-standard","has-post-thumbnail","hentry","category-politica"],"_links":{"self":[{"href":"https:\/\/www.caririemacao.com\/1\/wp-json\/wp\/v2\/posts\/49571","targetHints":{"allow":["GET"]}}],"collection":[{"href":"https:\/\/www.caririemacao.com\/1\/wp-json\/wp\/v2\/posts"}],"about":[{"href":"https:\/\/www.caririemacao.com\/1\/wp-json\/wp\/v2\/types\/post"}],"author":[{"embeddable":true,"href":"https:\/\/www.caririemacao.com\/1\/wp-json\/wp\/v2\/users\/2"}],"replies":[{"embeddable":true,"href":"https:\/\/www.caririemacao.com\/1\/wp-json\/wp\/v2\/comments?post=49571"}],"version-history":[{"count":0,"href":"https:\/\/www.caririemacao.com\/1\/wp-json\/wp\/v2\/posts\/49571\/revisions"}],"wp:featuredmedia":[{"embeddable":true,"href":"https:\/\/www.caririemacao.com\/1\/wp-json\/wp\/v2\/media\/46472"}],"wp:attachment":[{"href":"https:\/\/www.caririemacao.com\/1\/wp-json\/wp\/v2\/media?parent=49571"}],"wp:term":[{"taxonomy":"category","embeddable":true,"href":"https:\/\/www.caririemacao.com\/1\/wp-json\/wp\/v2\/categories?post=49571"},{"taxonomy":"post_tag","embeddable":true,"href":"https:\/\/www.caririemacao.com\/1\/wp-json\/wp\/v2\/tags?post=49571"}],"curies":[{"name":"wp","href":"https:\/\/api.w.org\/{rel}","templated":true}]}}