{"id":49574,"date":"2018-04-30T12:17:25","date_gmt":"2018-04-30T15:17:25","guid":{"rendered":"http:\/\/caririemacao.com\/1\/?p=49574"},"modified":"2018-04-30T12:17:25","modified_gmt":"2018-04-30T15:17:25","slug":"manoel-jr-ignora-lucelio-em-agenda-paralela-e-aumenta-rumores-de-rompimento","status":"publish","type":"post","link":"https:\/\/www.caririemacao.com\/1\/2018\/04\/30\/manoel-jr-ignora-lucelio-em-agenda-paralela-e-aumenta-rumores-de-rompimento\/","title":{"rendered":"Manoel Jr. ignora Luc\u00e9lio em \u201cagenda paralela\u201d e aumenta rumores de rompimento"},"content":{"rendered":"<p>O vice-prefeito de Jo\u00e3o Pessoa, Manoel Jr. (PSC), cumpriu agenda neste final de semana em v\u00e1rios munic\u00edpios do Cariri e da Zona da Mata paraibana. O ex-deputado federal ignorou a agenda do pr\u00e9-candidato ao Governo do Estado Luc\u00e9lio Cartaxo (PV), irm\u00e3o do prefeito da Capital, Luciano Cartaxo (PV). A agenda paralela denota um distanciamento entre Manoel Jr e o grupo cartaxista, entretanto, Manoel nega qualquer rompimento.<\/p>\n<p>Manoel Jr. iniciou suas visitas pela cidade de Parari, no Cariri, onde foi recebido pelo prefeito Jos\u00e9 Josemar Ferreira de Souza (PSB), e pelo vice-prefeito Genival Aires na festa de Emancipa\u00e7\u00e3o Pol\u00edtica da cidade.<\/p>\n<p>Em seguida, Manoel Jr. seguiu para Santo Andr\u00e9 onde participou, ao lado da prefeita, Silvana Marinho, e do vice-prefeito, Arimatea Porto, da festa da Cabra Rainha.<\/p>\n<p>Ele tamb\u00e9m esteve em Natuba, na Mata paraibana, participando da tradicional Festa da Uva com a prefeita Janete Santos. Na cidade, Manoel Jr. tamb\u00e9m se reuniu Jos\u00e9 Lins da Silva Filho.<\/p>\n<p>Em Santo Andr\u00e9 e Natuba, todas as lideran\u00e7as pol\u00edticas citadas acima est\u00e3o fechadas com Manoel Jr. para o pleito de outubro \u2013 falta saber apenas para qual cargo.<\/p>\n<p><strong>CARIRI EM A\u00c7\u00c3O<\/strong><\/p>\n<p>Com Para\u00edba J\u00e1\/Foto:\u00a0Para\u00edba J\u00e1<\/p>\n<p>Leia mais not\u00edcias em\u00a0caririemacao.com, siga nossa p\u00e1gina no\u00a0Facebook,\u00a0Instagram\u00a0e\u00a0Youtube\u00a0e veja nossas mat\u00e9rias, v\u00eddeos e fotos. Voc\u00ea tamb\u00e9m pode enviar informa\u00e7\u00f5es \u00e0 Reda\u00e7\u00e3o do Portal Cariri em A\u00e7\u00e3o pelo WhatsApp (83) 9 9634.5791, (83) 9 9601-1162.<\/p>\n","protected":false},"excerpt":{"rendered":"<p>O vice-prefeito de Jo\u00e3o Pessoa, Manoel Jr. (PSC), cumpriu agenda neste final de semana em v\u00e1rios munic\u00edpios do Cariri e da Zona da Mata paraibana.&hellip; <\/p>\n","protected":false},"author":2,"featured_media":49575,"comment_status":"closed","ping_status":"closed","sticky":false,"template":"","format":"standard","meta":{"sfsi_plus_gutenberg_text_before_share":"","sfsi_plus_gutenberg_show_text_before_share":"","sfsi_plus_gutenberg_icon_type":"","sfsi_plus_gutenberg_icon_alignemt":"","sfsi_plus_gutenburg_max_per_row":"","footnotes":""},"categories":[11],"tags":[],"class_list":["post-49574","post","type-post","status-publish","format-standard","has-post-thumbnail","hentry","category-politica"],"_links":{"self":[{"href":"https:\/\/www.caririemacao.com\/1\/wp-json\/wp\/v2\/posts\/49574","targetHints":{"allow":["GET"]}}],"collection":[{"href":"https:\/\/www.caririemacao.com\/1\/wp-json\/wp\/v2\/posts"}],"about":[{"href":"https:\/\/www.caririemacao.com\/1\/wp-json\/wp\/v2\/types\/post"}],"author":[{"embeddable":true,"href":"https:\/\/www.caririemacao.com\/1\/wp-json\/wp\/v2\/users\/2"}],"replies":[{"embeddable":true,"href":"https:\/\/www.caririemacao.com\/1\/wp-json\/wp\/v2\/comments?post=49574"}],"version-history":[{"count":0,"href":"https:\/\/www.caririemacao.com\/1\/wp-json\/wp\/v2\/posts\/49574\/revisions"}],"wp:featuredmedia":[{"embeddable":true,"href":"https:\/\/www.caririemacao.com\/1\/wp-json\/wp\/v2\/media\/49575"}],"wp:attachment":[{"href":"https:\/\/www.caririemacao.com\/1\/wp-json\/wp\/v2\/media?parent=49574"}],"wp:term":[{"taxonomy":"category","embeddable":true,"href":"https:\/\/www.caririemacao.com\/1\/wp-json\/wp\/v2\/categories?post=49574"},{"taxonomy":"post_tag","embeddable":true,"href":"https:\/\/www.caririemacao.com\/1\/wp-json\/wp\/v2\/tags?post=49574"}],"curies":[{"name":"wp","href":"https:\/\/api.w.org\/{rel}","templated":true}]}}