{"id":49577,"date":"2018-04-30T12:19:11","date_gmt":"2018-04-30T15:19:11","guid":{"rendered":"http:\/\/caririemacao.com\/1\/?p=49577"},"modified":"2018-04-30T12:19:11","modified_gmt":"2018-04-30T15:19:11","slug":"wilson-santiago-diz-que-exemplos-de-pe-e-ce-referendam-escolha-de-rc-por-joao-azevedo","status":"publish","type":"post","link":"https:\/\/www.caririemacao.com\/1\/2018\/04\/30\/wilson-santiago-diz-que-exemplos-de-pe-e-ce-referendam-escolha-de-rc-por-joao-azevedo\/","title":{"rendered":"Wilson Santiago diz que exemplos de PE e CE referendam escolha de RC por Jo\u00e3o Azev\u00eado"},"content":{"rendered":"<p>O ex-senador e presidente do PTB na Para\u00edba, Wilson Santiago, defendeu a escolha do PSB em lan\u00e7ar o nome de Jo\u00e3o Azev\u00eado como pr\u00e9-candidato ao Governo do Estado. Segundo Wilson, cuja a legenda comandada comp\u00f5e a base governista, h\u00e1 exemplos em outros estados do Nordeste que comprovam a efic\u00e1cia de lan\u00e7ar o melhor nome t\u00e9cnico para suceder uma gest\u00e3o exitosa.<\/p>\n<p>\u201cEm 2014, Eduardo Campos lan\u00e7ou o melhor t\u00e9cnico de sua gest\u00e3o para continuar um projeto que era refer\u00eancia nacional. Paulo C\u00e2mara foi eleito gra\u00e7as ao resultado do projeto. Pernambuco reconheceu que deveria seguir em frente. Da mesma forma, no Cear\u00e1 onde Cid Gomes escolheu o nome que melhor representava o excelente governo que havia. Camilo Santana foi eleito alicer\u00e7ado num projeto que tamb\u00e9m deu certo e revolucionou o estado. Na Para\u00edba n\u00e3o ser\u00e1 diferente\u201d, afirmou.<\/p>\n<p>Segundo prosseguiu Santiago, \u201ca popula\u00e7\u00e3o vai confirmar em outubro Jo\u00e3o Azev\u00eado como governador, porque al\u00e9m de sua inquestion\u00e1vel e comprovada capacidade, ele \u00e9 resultado de projeto que deu certo sob a condu\u00e7\u00e3o do governador Ricardo Coutinho\u201d.<\/p>\n<p>As falas do ex-senador se deram neste domingo (29) durante programa da R\u00e1dio Sisal FM, de Picu\u00ed, ancorado pelo jornalista Z\u00e9 Onildo.<\/p>\n<p><strong>CARIRI EM A\u00c7\u00c3O<\/strong><\/p>\n<p>Com Para\u00edba J\u00e1\/Foto:\u00a0Para\u00edba J\u00e1<\/p>\n<p>Leia mais not\u00edcias em\u00a0caririemacao.com, siga nossa p\u00e1gina no\u00a0Facebook,\u00a0Instagram\u00a0e\u00a0Youtube\u00a0e veja nossas mat\u00e9rias, v\u00eddeos e fotos. Voc\u00ea tamb\u00e9m pode enviar informa\u00e7\u00f5es \u00e0 Reda\u00e7\u00e3o do Portal Cariri em A\u00e7\u00e3o pelo WhatsApp (83) 9 9634.5791, (83) 9 9601-1162.<\/p>\n","protected":false},"excerpt":{"rendered":"<p>O ex-senador e presidente do PTB na Para\u00edba, Wilson Santiago, defendeu a escolha do PSB em lan\u00e7ar o nome de Jo\u00e3o Azev\u00eado como pr\u00e9-candidato ao&hellip; <\/p>\n","protected":false},"author":2,"featured_media":49578,"comment_status":"closed","ping_status":"closed","sticky":false,"template":"","format":"standard","meta":{"sfsi_plus_gutenberg_text_before_share":"","sfsi_plus_gutenberg_show_text_before_share":"","sfsi_plus_gutenberg_icon_type":"","sfsi_plus_gutenberg_icon_alignemt":"","sfsi_plus_gutenburg_max_per_row":"","footnotes":""},"categories":[11],"tags":[],"class_list":["post-49577","post","type-post","status-publish","format-standard","has-post-thumbnail","hentry","category-politica"],"_links":{"self":[{"href":"https:\/\/www.caririemacao.com\/1\/wp-json\/wp\/v2\/posts\/49577","targetHints":{"allow":["GET"]}}],"collection":[{"href":"https:\/\/www.caririemacao.com\/1\/wp-json\/wp\/v2\/posts"}],"about":[{"href":"https:\/\/www.caririemacao.com\/1\/wp-json\/wp\/v2\/types\/post"}],"author":[{"embeddable":true,"href":"https:\/\/www.caririemacao.com\/1\/wp-json\/wp\/v2\/users\/2"}],"replies":[{"embeddable":true,"href":"https:\/\/www.caririemacao.com\/1\/wp-json\/wp\/v2\/comments?post=49577"}],"version-history":[{"count":0,"href":"https:\/\/www.caririemacao.com\/1\/wp-json\/wp\/v2\/posts\/49577\/revisions"}],"wp:featuredmedia":[{"embeddable":true,"href":"https:\/\/www.caririemacao.com\/1\/wp-json\/wp\/v2\/media\/49578"}],"wp:attachment":[{"href":"https:\/\/www.caririemacao.com\/1\/wp-json\/wp\/v2\/media?parent=49577"}],"wp:term":[{"taxonomy":"category","embeddable":true,"href":"https:\/\/www.caririemacao.com\/1\/wp-json\/wp\/v2\/categories?post=49577"},{"taxonomy":"post_tag","embeddable":true,"href":"https:\/\/www.caririemacao.com\/1\/wp-json\/wp\/v2\/tags?post=49577"}],"curies":[{"name":"wp","href":"https:\/\/api.w.org\/{rel}","templated":true}]}}