{"id":49580,"date":"2018-04-30T12:22:06","date_gmt":"2018-04-30T15:22:06","guid":{"rendered":"http:\/\/caririemacao.com\/1\/?p=49580"},"modified":"2018-04-30T12:22:06","modified_gmt":"2018-04-30T15:22:06","slug":"tse-e-mpe-elaboram-lista-de-fichas-sujas-para-as-eleicoes-de-outubro","status":"publish","type":"post","link":"https:\/\/www.caririemacao.com\/1\/2018\/04\/30\/tse-e-mpe-elaboram-lista-de-fichas-sujas-para-as-eleicoes-de-outubro\/","title":{"rendered":"TSE e MPE elaboram lista de \u2018fichas sujas\u2019 para as elei\u00e7\u00f5es de outubro"},"content":{"rendered":"<p>Atualmente preso em Curitiba, o ex-presidente Lula \u00e9 apenas o mais not\u00f3rio pretendente a cargo eletivo nas elei\u00e7\u00f5es de outubro que tem a ficha suja. Al\u00e9m dele, h\u00e1 uma lista de mais de uma centena de pol\u00edticos que estar\u00e3o ineleg\u00edveis pelas mesmas raz\u00f5es do ex-presidente: foram condenados por crimes em tribunais de segunda inst\u00e2ncia. Pela legisla\u00e7\u00e3o eleitoral, antes do registro oficial das candidaturas, em agosto, nada pode ser feito contra eles. Somente ap\u00f3s o registro, a Justi\u00e7a Eleitoral pode se mover para barrar essas candidaturas ilegais.<\/p>\n<p>Como o tempo de an\u00e1lise \u00e9 curto \u2013 um m\u00eas \u2013 havia a expectativa de que alguns nomes desses candidatos fichas sujas pudessem acabar indo parar nas urnas. O risco, por\u00e9m, est\u00e1 superado. O Minist\u00e9rio P\u00fablico Eleitoral (MPE) resolveu se antecipar e montou uma tropa de choque que, desde j\u00e1, analisa as pr\u00e9-candidaturas. Quando os registros forem feitos, j\u00e1 haver\u00e1 uma lista a ser conferida. Rapidamente, os procuradores eleitorais contestar\u00e3o as candidaturas. E o Tribunal Superior Eleitoral, da mesma forma, organiza-se tamb\u00e9m para dar uma resposta r\u00e1pida: um mutir\u00e3o envolvendo os tribunais regionais est\u00e1 sendo montado para auxiliar nas an\u00e1lises. \u201cFicha suja est\u00e1 fora do jogo democr\u00e1tico\u201d, avisou o presidente do TSE, Luiz Fux, ao tomar posse no cargo.<\/p>\n<p><strong>Banco de dados<\/strong><\/p>\n<p>A rapidez com que a Corte Eleitoral vai eliminar das elei\u00e7\u00f5es qualquer pretendente que estiver enquadrado na Lei da Ficha Limpa se deve a um trabalho preventivo. Uma das frentes criadas nesse sentido \u00e9 a formula\u00e7\u00e3o de um banco de dados com nomes de pol\u00edticos e potenciais candidatos que est\u00e3o condenados pela Justi\u00e7a. Problemas de governantes que n\u00e3o cumprem a Lei de Responsabilidade Fiscal tamb\u00e9m barram candidaturas, de acordo com a Lei da Ficha Limpa.<\/p>\n<p>Quando o candidato registrar seu nome no Tribunal Regional Eleitoral dos estados ou no TSE, como \u00e9 o caso dos presidenci\u00e1veis, o MPE ser\u00e1 acionado. Ao verificar que o nome dele consta no cadastro eletr\u00f4nico, a rea\u00e7\u00e3o \u00e9 imediata. Em cinco dias corridos, o MPE monta o processo, com recomenda\u00e7\u00e3o da exclus\u00e3o de seu nome e encaminha para a Corte Eleitoral. Com o mutir\u00e3o de ju\u00edzes montado no TSE, os processos devem correr rapidamente. Portanto, as chances de subsistir uma candidatura como a de Lula s\u00e3o nulas.<\/p>\n<p>O principal nome na tarefa de identifica\u00e7\u00e3o dos fichas sujas \u00e9 o vice-Procurador-Geral Eleitoral, Humberto Jacques de Medeiros. \u00c9 ele quem controla a alimenta\u00e7\u00e3o e tem o principal acesso ao banco de dados com os nomes dos pol\u00edticos que est\u00e3o impedidos de disputar as elei\u00e7\u00f5es e o respons\u00e1vel por recomendar o veto aos seus pleitos.<\/p>\n<p>A outra frente importante do trabalho pr\u00e9vio que vem sendo feito pela Justi\u00e7a Eleitoral \u00e9 a de combate \u00e0s fake news. Para atacar o problema e preven\u00ed-lo, o ministro Luiz Fux criou um comit\u00ea de intelig\u00eancia, com PF, Ex\u00e9rcito, MPF e Ag\u00eancia Brasileira de Intelig\u00eancia (Abin), para combater a dissemina\u00e7\u00e3o de informa\u00e7\u00f5es inver\u00eddicas na web. O grupo se re\u00fane periodicamente.<\/p>\n<p>Recentemente, t\u00e9cnicos do FBI estiveram no TSE, a convite do governo brasileiro, para falar sobre fake news. O Conselho Consultivo do TSE tamb\u00e9m j\u00e1 trocou informa\u00e7\u00f5es com grandes empresas como Google e Facebook. O que se sabe at\u00e9 o momento \u00e9 que uma das grandes fontes de fake news tem sido o aplicativo Whatsapp. Ou seja, prevenir \u00e9 melhor do que remediar.<\/p>\n<p><strong>CARIRI EM A\u00c7\u00c3O<\/strong><\/p>\n<p>Com Jornal da Para\u00edba\/Foto: Reprodu\u00e7\u00e3o google<\/p>\n<p>Leia mais not\u00edcias em\u00a0caririemacao.com, siga nossa p\u00e1gina no\u00a0Facebook,\u00a0Instagram\u00a0e\u00a0Youtube\u00a0e veja nossas mat\u00e9rias, v\u00eddeos e fotos. Voc\u00ea tamb\u00e9m pode enviar informa\u00e7\u00f5es \u00e0 Reda\u00e7\u00e3o do Portal Cariri em A\u00e7\u00e3o pelo WhatsApp (83) 9 9634.5791, (83) 9 9601-1162.<\/p>\n<div class=\"sharedaddy sd-sharing-enabled\">\n<div class=\"robots-nocontent sd-block sd-social sd-social-icon sd-sharing\">\n<div class=\"sd-content\"><\/div>\n<\/div>\n<\/div>\n","protected":false},"excerpt":{"rendered":"<p>Atualmente preso em Curitiba, o ex-presidente Lula \u00e9 apenas o mais not\u00f3rio pretendente a cargo eletivo nas elei\u00e7\u00f5es de outubro que tem a ficha suja.&hellip; <\/p>\n","protected":false},"author":2,"featured_media":42648,"comment_status":"closed","ping_status":"closed","sticky":false,"template":"","format":"standard","meta":{"sfsi_plus_gutenberg_text_before_share":"","sfsi_plus_gutenberg_show_text_before_share":"","sfsi_plus_gutenberg_icon_type":"","sfsi_plus_gutenberg_icon_alignemt":"","sfsi_plus_gutenburg_max_per_row":"","footnotes":""},"categories":[1],"tags":[],"class_list":["post-49580","post","type-post","status-publish","format-standard","has-post-thumbnail","hentry","category-o-site"],"_links":{"self":[{"href":"https:\/\/www.caririemacao.com\/1\/wp-json\/wp\/v2\/posts\/49580","targetHints":{"allow":["GET"]}}],"collection":[{"href":"https:\/\/www.caririemacao.com\/1\/wp-json\/wp\/v2\/posts"}],"about":[{"href":"https:\/\/www.caririemacao.com\/1\/wp-json\/wp\/v2\/types\/post"}],"author":[{"embeddable":true,"href":"https:\/\/www.caririemacao.com\/1\/wp-json\/wp\/v2\/users\/2"}],"replies":[{"embeddable":true,"href":"https:\/\/www.caririemacao.com\/1\/wp-json\/wp\/v2\/comments?post=49580"}],"version-history":[{"count":0,"href":"https:\/\/www.caririemacao.com\/1\/wp-json\/wp\/v2\/posts\/49580\/revisions"}],"wp:featuredmedia":[{"embeddable":true,"href":"https:\/\/www.caririemacao.com\/1\/wp-json\/wp\/v2\/media\/42648"}],"wp:attachment":[{"href":"https:\/\/www.caririemacao.com\/1\/wp-json\/wp\/v2\/media?parent=49580"}],"wp:term":[{"taxonomy":"category","embeddable":true,"href":"https:\/\/www.caririemacao.com\/1\/wp-json\/wp\/v2\/categories?post=49580"},{"taxonomy":"post_tag","embeddable":true,"href":"https:\/\/www.caririemacao.com\/1\/wp-json\/wp\/v2\/tags?post=49580"}],"curies":[{"name":"wp","href":"https:\/\/api.w.org\/{rel}","templated":true}]}}